{"id":50354,"date":"2025-11-25T13:24:23","date_gmt":"2025-11-25T13:24:23","guid":{"rendered":"https:\/\/www.europesays.com\/ee\/50354\/"},"modified":"2025-11-25T13:24:23","modified_gmt":"2025-11-25T13:24:23","slug":"rannula-suur-kusimus-valikmangude-eel-keda-panna-korvi-alla","status":"publish","type":"post","link":"https:\/\/www.europesays.com\/ee\/50354\/","title":{"rendered":"Rannula suur k\u00fcsimus valikm\u00e4ngude eel: keda panna korvi alla?"},"content":{"rendered":"<p>Rannulal on k\u00f5ige enam nuputamist tsentri positsiooniga: Jaapanis klubikorvpalli m\u00e4ngiv Maik-Kalev Kotsar k\u00e4is m\u00e4letatavasti \u00f5lal\u00f5ikusel ja on pikalt eemal; tema esimene asendaja Matthias Tass on kimpus h\u00fcppeliigesega ning peab samuti k\u00f5rvale j\u00e4\u00e4ma. Kui oma novembri alguses teatatud laiendatud valikusse kaasas Rannula Tartu keskm\u00e4ngija Rauno Nurgeri, siis koondist ei saa aidata temagi, sest nagu avaldas <a href=\"https:\/\/www.ohtuleht.ee\/sport\/1144825\/euroseiklus-loppenud-aivar-kuusmaa-komplekteerimisel-tehtud-ambrist-nurgeri-vahesest-manguajast-ja-lipsust-kes-tahtis-pea-ees-vabariigi-kangelaseks-kerkida\" title=\"\" target=\"_blank\" rel=\"noopener nofollow\">\u00d5htulehele Tartu peatreener Aivar Kuusmaa<\/a>, saab Nurger koondisepausi ajal puusa s\u00fcsti ning peab tegema treeningutesse pausi.<\/p>\n<p>EMil k\u00e4inud m\u00e4ngijatest on Tassi k\u00f5rval rivist v\u00e4ljas koondise kapten Siim-Sander Vene, kes pole taastunud Riias saadud p\u00f5lvevigastusest; M\u00e4rt Rosenthal, kes loobus ise; Sander Raieste, kes j\u00e4\u00e4b pisivigastuste t\u00f5ttu samuti oma koduklubi juurde ning Mikk Jurkatamm. Poola liigas s\u00e4ravalt hooaega alustanud Kasper Suurorg ravib randmevigastust ning USA \u00fcli\u00f5pilasliigas m\u00e4ngivad korvpallurid ei saa keset hooaega Suure Lombi tagant lihtsalt tulema.<\/p>\n<p>EMil mitte k\u00e4inud meestest kaasas Rannula tiimi Tartu trio Karl Johan Lipsu, Martin Paasoja ja Markus Ilveri, TalTechi m\u00e4ngujuhi Siim-Markus Posti ja korvialuse j\u00f5u Taavi Jurkatamme, Kalev\/Cramost Hugo Toomi, Poola meistriliigas korralikult toimetava Leemet B\u00f6ckleri ning Mihkel Kirvese. EMil k\u00e4inud seltskonnast liitusid satsiga Henri Drell, Artur Konont\u0161uk, Kristian Kullam\u00e4e, Joonas Riismaa, Janari J\u00f5esaar, Kaspar Treier ja Kregor Hermet.<\/p>\n<p>Sloveeniaga kohtub Eesti eeloleval reedel v\u00f5\u00f5rsil; T\u0161ehhit v\u00f5\u00f5rustatakse aga j\u00e4rgmise n\u00e4dala esmasp\u00e4eval. Lisaks kuulub valikgruppi Rootsi.<\/p>\n<p>Eesti koosseis eelseisvateks valikm\u00e4ngudeks:<\/p>\n","protected":false},"excerpt":{"rendered":"Rannulal on k\u00f5ige enam nuputamist tsentri positsiooniga: Jaapanis klubikorvpalli m\u00e4ngiv Maik-Kalev Kotsar k\u00e4is m\u00e4letatavasti \u00f5lal\u00f5ikusel ja on pikalt&hellip;\n","protected":false},"author":2,"featured_media":50355,"comment_status":"","ping_status":"","sticky":false,"template":"","format":"standard","meta":{"footnotes":""},"categories":[5],"tags":[26,27,37,33,35,34,36,31,32,21,28,29,19,25,23,24,22,20,30],"class_list":{"0":"post-50354","1":"post","2":"type-post","3":"status-publish","4":"format-standard","5":"has-post-thumbnail","7":"category-uldised-uudised","8":"tag-breaking-news","9":"tag-breakingnews","10":"tag-ee","11":"tag-eesti","12":"tag-eesti-keel","13":"tag-estonia","14":"tag-estonian","15":"tag-featured-news","16":"tag-featurednews","17":"tag-headlines","18":"tag-latest-news","19":"tag-latestnews","20":"tag-news","21":"tag-populaarseimad-lood","22":"tag-top-stories","23":"tag-topstories","24":"tag-uldised-uudised","25":"tag-uudised","26":"tag-viimased-uudised"},"share_on_mastodon":{"url":"https:\/\/pubeurope.com\/@ee\/115610560963874025","error":""},"_links":{"self":[{"href":"https:\/\/www.europesays.com\/ee\/wp-json\/wp\/v2\/posts\/50354","targetHints":{"allow":["GET"]}}],"collection":[{"href":"https:\/\/www.europesays.com\/ee\/wp-json\/wp\/v2\/posts"}],"about":[{"href":"https:\/\/www.europesays.com\/ee\/wp-json\/wp\/v2\/types\/post"}],"author":[{"embeddable":true,"href":"https:\/\/www.europesays.com\/ee\/wp-json\/wp\/v2\/users\/2"}],"replies":[{"embeddable":true,"href":"https:\/\/www.europesays.com\/ee\/wp-json\/wp\/v2\/comments?post=50354"}],"version-history":[{"count":0,"href":"https:\/\/www.europesays.com\/ee\/wp-json\/wp\/v2\/posts\/50354\/revisions"}],"wp:featuredmedia":[{"embeddable":true,"href":"https:\/\/www.europesays.com\/ee\/wp-json\/wp\/v2\/media\/50355"}],"wp:attachment":[{"href":"https:\/\/www.europesays.com\/ee\/wp-json\/wp\/v2\/media?parent=50354"}],"wp:term":[{"taxonomy":"category","embeddable":true,"href":"https:\/\/www.europesays.com\/ee\/wp-json\/wp\/v2\/categories?post=50354"},{"taxonomy":"post_tag","embeddable":true,"href":"https:\/\/www.europesays.com\/ee\/wp-json\/wp\/v2\/tags?post=50354"}],"curies":[{"name":"wp","href":"https:\/\/api.w.org\/{rel}","templated":true}]}}