{"id":50380,"date":"2025-11-25T13:53:07","date_gmt":"2025-11-25T13:53:07","guid":{"rendered":"https:\/\/www.europesays.com\/ee\/50380\/"},"modified":"2025-11-25T13:53:07","modified_gmt":"2025-11-25T13:53:07","slug":"u-18-noormehed-kaotasid-eevza-turniiril-pronksimangu-vorkpall","status":"publish","type":"post","link":"https:\/\/www.europesays.com\/ee\/50380\/","title":{"rendered":"U-18 noormehed kaotasid EEVZA turniiril pronksim\u00e4ngu | V\u00f5rkpall"},"content":{"rendered":"<p>Daugavpilsis toimunud Ida-Euroopa V\u00f5rkpalliassotsiatsiooni (EEVZA) meistriv\u00f5istlustel pidid Eesti U-18 koondise noormehed leppima neljanda kohaga, ent tagasid p\u00e4\u00e4su EM-valiksarja teise ringi.<\/p>\n<p>Pronksim\u00e4ngus tuli tunnistada L\u00e4ti eakaaslaste 3:0 (25:18, 25:17, 25:17) paremust, vahendab Volley.ee.<\/p>\n<p>EEVZA turniir oli \u00fchtlasi Euroopa meistriv\u00f5istluste kvalifikatsiooni esimeseks ringiks, otse EM-ile p\u00e4\u00e4ses turniiri v\u00f5itja Poola, kolm j\u00e4rgmist (sh Eesti) p\u00e4\u00e4sevad valiksarja teise ringi.<\/p>\n<p>Kolmanda koha m\u00e4ngus oli Eesti meeskonna parimaks 12 punkti (+6) toonud Mark Norman Soome, kuus punkti (+3) lisas Anton Aavik ja viis punkti j\u00e4i nii Kaspar Varese (+4) kui Holger Purga (+4) arvele.<\/p>\n<p>Eesti vastuv\u00f5tt oli 32% ja r\u00fcnnak 34%, blokipunkte saadi kolm ja servipunkte kaks (eksiti 8 servil).<\/p>\n<p>L\u00e4ti koondise resultatiivseimaks kerkis 21 punktiga (+18) Tomass Silavs. L\u00e4tlaste vastuv\u00f5tt oli 54% ja r\u00fcnnak 47%, blokist saadi kuus punkti, servil l\u00f6\u00f6di k\u00fcmme \u00e4ssa ja eksiti 8 pallingul.<\/p>\n<p>Eesti sai alagrupis 1:3 kaotuse Ukrainalt ja alistas 3:0 Aserbaid\u017eaani.<\/p>\n<p>Eesti koondis: Mark Norman Soome, S\u00f6ren Korbelainen, Kaspar Vares, Mattias Meresaar, Oskar Vares, Sven J\u00fcrgen Post, Simo Laherand, Reio Markkus Lepp, Rasmus Priim\u00e4gi, Steven Marti Lillipuu, Arto Lepamets, Anton Aavik, Holger Purga, Oliver T\u00e4ht.<\/p>\n<p>Peatreener Marko Vantsi, abitreener Sten Vahtras, mass\u00f6\u00f6r Sirvi Pals, m\u00e4ned\u017eer Krislin Heinsoo.<\/p>\n","protected":false},"excerpt":{"rendered":"Daugavpilsis toimunud Ida-Euroopa V\u00f5rkpalliassotsiatsiooni (EEVZA) meistriv\u00f5istlustel pidid Eesti U-18 koondise noormehed leppima neljanda kohaga, ent tagasid p\u00e4\u00e4su EM-valiksarja&hellip;\n","protected":false},"author":2,"featured_media":50381,"comment_status":"","ping_status":"","sticky":false,"template":"","format":"standard","meta":{"footnotes":""},"categories":[18],"tags":[37,33,35,25605,34,36,159,158],"class_list":{"0":"post-50380","1":"post","2":"type-post","3":"status-publish","4":"format-standard","5":"has-post-thumbnail","7":"category-sport","8":"tag-ee","9":"tag-eesti","10":"tag-eesti-keel","11":"tag-eesti-u-18-vorkpallikoondis","12":"tag-estonia","13":"tag-estonian","14":"tag-sport","15":"tag-sports"},"share_on_mastodon":{"url":"https:\/\/pubeurope.com\/@ee\/115610675077805120","error":""},"_links":{"self":[{"href":"https:\/\/www.europesays.com\/ee\/wp-json\/wp\/v2\/posts\/50380","targetHints":{"allow":["GET"]}}],"collection":[{"href":"https:\/\/www.europesays.com\/ee\/wp-json\/wp\/v2\/posts"}],"about":[{"href":"https:\/\/www.europesays.com\/ee\/wp-json\/wp\/v2\/types\/post"}],"author":[{"embeddable":true,"href":"https:\/\/www.europesays.com\/ee\/wp-json\/wp\/v2\/users\/2"}],"replies":[{"embeddable":true,"href":"https:\/\/www.europesays.com\/ee\/wp-json\/wp\/v2\/comments?post=50380"}],"version-history":[{"count":0,"href":"https:\/\/www.europesays.com\/ee\/wp-json\/wp\/v2\/posts\/50380\/revisions"}],"wp:featuredmedia":[{"embeddable":true,"href":"https:\/\/www.europesays.com\/ee\/wp-json\/wp\/v2\/media\/50381"}],"wp:attachment":[{"href":"https:\/\/www.europesays.com\/ee\/wp-json\/wp\/v2\/media?parent=50380"}],"wp:term":[{"taxonomy":"category","embeddable":true,"href":"https:\/\/www.europesays.com\/ee\/wp-json\/wp\/v2\/categories?post=50380"},{"taxonomy":"post_tag","embeddable":true,"href":"https:\/\/www.europesays.com\/ee\/wp-json\/wp\/v2\/tags?post=50380"}],"curies":[{"name":"wp","href":"https:\/\/api.w.org\/{rel}","templated":true}]}}