{"id":50395,"date":"2025-11-25T14:06:19","date_gmt":"2025-11-25T14:06:19","guid":{"rendered":"https:\/\/www.europesays.com\/ee\/50395\/"},"modified":"2025-11-25T14:06:19","modified_gmt":"2025-11-25T14:06:19","slug":"soomes-tuleb-suur-idatiiva-tippkohtumine-kus-arutatakse-kaitset-venemaa-ohu-eest","status":"publish","type":"post","link":"https:\/\/www.europesays.com\/ee\/50395\/","title":{"rendered":"Soomes tuleb suur Idatiiva tippkohtumine, kus arutatakse kaitset Venemaa ohu eest"},"content":{"rendered":"<p>&#13;<br \/>\n\t&#13;<br \/>\n\t&#13;<br \/>\n&#13;<\/p>\n<p>\t\t\t<img loading=\"lazy\" width=\"1200\" height=\"668\" src=\"https:\/\/www.europesays.com\/ee\/wp-content\/uploads\/2025\/11\/eastern-flank.jpg\" class=\"attachment-full size-full wp-post-image\" alt=\"\" decoding=\"async\"   data-attachment-id=\"159757\" data-permalink=\"https:\/\/eestinen.fi\/2025\/11\/soomes-tuleb-suur-idatiiva-tippkohtumine-kus-arutatakse-kaitset-venemaa-ohu-eest\/screenshot-2194\/\" data-orig-file=\"https:\/\/www.europesays.com\/ee\/wp-content\/uploads\/2025\/11\/eastern-flank.jpg\" data-orig-size=\"1200,668\" data-comments-opened=\"0\" data-image-meta=\"{&quot;aperture&quot;:&quot;0&quot;,&quot;credit&quot;:&quot;&quot;,&quot;camera&quot;:&quot;&quot;,&quot;caption&quot;:&quot;Screenshot&quot;,&quot;created_timestamp&quot;:&quot;0&quot;,&quot;copyright&quot;:&quot;&quot;,&quot;focal_length&quot;:&quot;0&quot;,&quot;iso&quot;:&quot;0&quot;,&quot;shutter_speed&quot;:&quot;0&quot;,&quot;title&quot;:&quot;Screenshot&quot;,&quot;orientation&quot;:&quot;1&quot;}\" data-image-title=\"Screenshot\" data-image-description=\"\" data-image-caption=\"\" data-medium-file=\"https:\/\/i0.wp.com\/eestinen.fi\/wp-content\/uploads\/2025\/11\/eastern-flank.jpg?fit=300%2C167&amp;quality=89&amp;ssl=1\" data-large-file=\"https:\/\/i0.wp.com\/eestinen.fi\/wp-content\/uploads\/2025\/11\/eastern-flank.jpg?fit=640%2C356&amp;quality=89&amp;ssl=1\"\/>\t\t&#13;<br \/>\n\t\t\t&#13;<br \/>\n\t\t\t&#13;<\/p>\n<p>\u201eIdatiiva tippkohtumine toob Helsingisse kokku EL-i juhid,\u201d on kirjas Soome valitsuse <a href=\"https:\/\/valtioneuvosto.fi\/-\/eastern-flank-summit-tuo-eu-johtajia-helsinkiin-turvallisuus-keskiossa\" rel=\"nofollow noopener\" target=\"_blank\">veebis<\/a>. Soome peaminister on kutsunud kokku EL-i riikide tippkohtumise Venemaa ohu eest kaitsmise teemal.<\/p>\n<p>\u201ePeaminister Petteri Orpo kutsus seitse Euroopa Liidu riigi juhti Idatiiva tippkohtumisele, mis toimub Helsingis 16. detsembril,\u201d seisab valitsuse teates.<\/p>\n<p>\u00dchep\u00e4evane Idatiiva tippkohtumine toimub esimest korda. Kohtumisel osalevad peaministrid Ulf Kristersson (Rootsi), Kristen Michal (Eesti), Evika Sili\u0146a (L\u00e4ti), Donald Tusk (Poola) ja Rosen \u017deljazkov (Bulgaaria), samuti presidendid Nicu\u0219or Dan (Rumeenia) ja Gitanas Naus\u0117da (Leedu).<\/p>\n<p>\u201eMeil, Venemaa naabritel, on \u00fchised julgeolekuprobleemid. Hiljuti on intensiivistunud h\u00fcbriidoperatsioonid, k\u00fcberr\u00fcnnakud ja \u00f5huruumi rikkumised. Euroopa kaitset tuleb Venemaa piiril j\u00e4tkuvalt tugevdada,\u201d teatas Orpo.<\/p>\n<p>\n\tLoe lisaks\n<\/p>\n<p>\tDiscover more from eestinen<\/p>\n<p class=\"has-text-align-center\" style=\"margin-top:10px;margin-bottom:10px;font-size:15px\">Subscribe to get the latest posts sent to your email.<\/p>\n<p>\t\t\t&#13;<br \/>\n&#13;<br \/>\n\t&#13;<\/p>\n","protected":false},"excerpt":{"rendered":"&#13; &#13; &#13; &#13; &#13; &#13; &#13; \u201eIdatiiva tippkohtumine toob Helsingisse kokku EL-i juhid,\u201d on kirjas Soome valitsuse&hellip;\n","protected":false},"author":2,"featured_media":50396,"comment_status":"","ping_status":"","sticky":false,"template":"","format":"standard","meta":{"footnotes":""},"categories":[80],"tags":[26,27,37,33,35,34,36,31,32,21,28,29,95,19,25,23,24,22,20,30,92,93,94],"class_list":{"0":"post-50395","1":"post","2":"type-post","3":"status-publish","4":"format-standard","5":"has-post-thumbnail","7":"category-maailm","8":"tag-breaking-news","9":"tag-breakingnews","10":"tag-ee","11":"tag-eesti","12":"tag-eesti-keel","13":"tag-estonia","14":"tag-estonian","15":"tag-featured-news","16":"tag-featurednews","17":"tag-headlines","18":"tag-latest-news","19":"tag-latestnews","20":"tag-maailm","21":"tag-news","22":"tag-populaarseimad-lood","23":"tag-top-stories","24":"tag-topstories","25":"tag-uldised-uudised","26":"tag-uudised","27":"tag-viimased-uudised","28":"tag-world","29":"tag-world-news","30":"tag-worldnews"},"share_on_mastodon":{"url":"https:\/\/pubeurope.com\/@ee\/115610726266479199","error":""},"_links":{"self":[{"href":"https:\/\/www.europesays.com\/ee\/wp-json\/wp\/v2\/posts\/50395","targetHints":{"allow":["GET"]}}],"collection":[{"href":"https:\/\/www.europesays.com\/ee\/wp-json\/wp\/v2\/posts"}],"about":[{"href":"https:\/\/www.europesays.com\/ee\/wp-json\/wp\/v2\/types\/post"}],"author":[{"embeddable":true,"href":"https:\/\/www.europesays.com\/ee\/wp-json\/wp\/v2\/users\/2"}],"replies":[{"embeddable":true,"href":"https:\/\/www.europesays.com\/ee\/wp-json\/wp\/v2\/comments?post=50395"}],"version-history":[{"count":0,"href":"https:\/\/www.europesays.com\/ee\/wp-json\/wp\/v2\/posts\/50395\/revisions"}],"wp:featuredmedia":[{"embeddable":true,"href":"https:\/\/www.europesays.com\/ee\/wp-json\/wp\/v2\/media\/50396"}],"wp:attachment":[{"href":"https:\/\/www.europesays.com\/ee\/wp-json\/wp\/v2\/media?parent=50395"}],"wp:term":[{"taxonomy":"category","embeddable":true,"href":"https:\/\/www.europesays.com\/ee\/wp-json\/wp\/v2\/categories?post=50395"},{"taxonomy":"post_tag","embeddable":true,"href":"https:\/\/www.europesays.com\/ee\/wp-json\/wp\/v2\/tags?post=50395"}],"curies":[{"name":"wp","href":"https:\/\/api.w.org\/{rel}","templated":true}]}}