{"id":50420,"date":"2025-11-25T14:38:17","date_gmt":"2025-11-25T14:38:17","guid":{"rendered":"https:\/\/www.europesays.com\/ee\/50420\/"},"modified":"2025-11-25T14:38:17","modified_gmt":"2025-11-25T14:38:17","slug":"viru-radarikompleks-hakkas-taisvoimsusel-toole-eesti","status":"publish","type":"post","link":"https:\/\/www.europesays.com\/ee\/50420\/","title":{"rendered":"Viru radarikompleks hakkas t\u00e4isv\u00f5imsusel t\u00f6\u00f6le | Eesti"},"content":{"rendered":"<p>Novembrist on Eestil ja NATO-l senisest veelgi parem \u00fclevaade \u00f5huruumis toimuvast, sest t\u00f6\u00f6le hakkas Ida-Virumaal aherainem\u00e4e otsas asuv \u00f5huseire radarikompleks.<\/p>\n<p>&#8220;See radar parandab kogu Eesti, aga eriti just Kirde-Eesti \u00fcldist tuvastusv\u00f5imekust. Radar on integreeritud NATO s\u00fcsteemi ja sellest saab kasu ka n\u00e4iteks Soome, nagu meie saame kasu Soome radaritest,&#8221; \u00fctles teisip\u00e4eval p\u00e4rast radarikompleksi pidulikku avamist \u00f5huv\u00e4e\u00fclem brigaadikindral Riivo Valge.<\/p>\n<p>Ida-Virumaal Alutaguse vallas Kalina k\u00fclas asuv radarikompleks saadi t\u00f6\u00f6le novembrikuus ehk algselt plaanitust aasta hiljem.<\/p>\n<p>&#8220;Arvestada tuleb, et kogu see radarite hankimise protsess on kestnud seitse aastat. Vahele tuli koroona ja ka tarned venisid. Taristu osa sai valmis juba suvel ja siis saabus ka radar. Tegu on v\u00e4ga keerulise kompleksse s\u00fcsteemiga, mille saime novembriks sajaprotsendiliselt t\u00f6\u00f6korda. N\u00fc\u00fcd peaks ta t\u00f6\u00f6tama 30 aastat ja vahepeal on vaja teha vaid uuendusi,&#8221; s\u00f5nas \u00f5huseiredivisjoni \u00fclem major T\u00f5nis P\u00e4rn.<\/p>\n<p>Prantsusmaa ettev\u00f5ttega Thales Group s\u00f5lmis Eesti kahe Ground Master 400 seeria radarite uue versiooni ehk GM400 Alpha ostmiseks hankelepingu 2023. aasta suvel Pariisis. Viru radarijaama primaarradari n\u00e4gemiskaugus on \u00fcle 500 kilomeetri.<\/p>\n<p>&#8220;Ta n\u00e4eb vastavalt horisondile ehk sellep\u00e4rast paigaldamegi nad k\u00f5rgemale. Seep\u00e4rast paigaldati ta ka siia aherainem\u00e4e otsa, et ta annab v\u00e4ga hea vaate Peipsi j\u00e4rve peale \u00fcle muude alade. See asukoht on ideaalne radari kasutamiseks nii p\u00f5hja kui ka kirde poole,&#8221; s\u00f5nas P\u00e4rn.<\/p>\n<p>Valge s\u00f5nul tuleb aina rohkem arvestada madalatel k\u00f5rgustel ja tihti kiiresti liikuvate objektidega.<\/p>\n<p>&#8220;\u00d5huseire pole ei Eesti ega ka NATO jaoks valmis. Alumine \u00f5huruumi kiht, maapinnast kuni viie kilomeetri k\u00f5rguseni, on j\u00e4rjest rohkem t\u00e4is erinevaid lennumasinaid. Ehk j\u00e4rjest rohkem tuleb toota lokaalset \u00f5hupilti. Mobiilsete radarite soetusprogramm j\u00e4tkub nii kaitsev\u00e4el, siseministeeriumil kui ka tervel NATO blokil,&#8221; \u00fctles Valge.<\/p>\n<p>Viru radarijaamas t\u00f6\u00f6tab kaks radarit. \u00dcheks on sekundaarradar, mis saadab p\u00fcsisignaali lennukile ja lennuk vastab, kus ta asub. Lisaks on jaamas ka aktiiv- ehk primaarradar, mille signaal peegeldab \u00f5hus toimuvat. Primaarradari abil saab tuvastada ka neid lennumasinaid, millel on transponder ehk identimisseade v\u00e4lja l\u00fclitatud.<\/p>\n<p>Viru radarpostiga sarnane radarikompleks on plaanis j\u00e4rgmisel aastal t\u00f6\u00f6le panna Hiiumaal. Seej\u00e4rel on Eestis kokku neli sarnaste radaritega varustatud radarposti. Vanema p\u00f5lvkonna GM 400 seeria radaritega varustatud radarpostid avati 2013. aastal Muhumaal ja 2015. aastal T\u00f5ikam\u00e4el.<\/p>\n<p>&#8220;Muhu ja T\u00f5ika saavad Viru radarile sarnased uuendused l\u00e4hima paari aasta jooksul ehk 2027. aastal on k\u00f5ik neli radarit \u00fchesugused. Kui K\u00f5pu projekt valmis saab, siis suuri seireradareid Eestil enam vaja ei ole,&#8221; \u00fctles P\u00e4rn.<\/p>\n<p>P\u00e4rna s\u00f5nul GM 400 radarid \u00fcmbruskonna elanikele ohtu ei kujuta.<\/p>\n<p>&#8220;K\u00f5ik uuringud on l\u00e4bi viidud ja nad on absoluutselt ohutud. Me ise v\u00f5rdleme seda mikrolaineahjuga, sest ka radari puhul on tegu raadiomagnetlainega. Ka mikrolaineahi soojendab toitu omas keskkonnas ja pole inimesele ohtlik. Ainuke koht, kus nende radarite juures ei tasu olla, on t\u00f6\u00f6tava antenni vahetus l\u00e4heduses,&#8221; \u00fctles P\u00e4rn.<\/p>\n<p>Endise Viru p\u00f5levkivikaevanduse territooriumil aherainem\u00e4e otsas asuv radarpost on pimeduse saabudes valgustatud ja paistab kaugele. Selleks on praktiline vajadus, \u00fctles P\u00e4rn. &#8220;Meil on vaja teada, mis siin \u00fcmber aia toimub, et oleks n\u00e4ha, kes siin k\u00e4ivad ka pimedal ajal. Muidu v\u00f5ivad ligi hiilida soovimatud k\u00fclalised. Ehk objekti valgustame julgeoleku kaalutlustel,&#8221; s\u00f5nas P\u00e4rn.<\/p>\n<p>Viru ja K\u00f5pu radarite soetamise \u00fcks eesm\u00e4rk oli Eestis v\u00e4hendada tuulikute p\u00fcstitamisega seotud piiranguid. &#8220;\u00dckski radarite asukohtadest pole valitud ainult kaitseministeeriumi poolt, me oleme teinud ka kompromisse. Oleme vaadanud \u00fcldpilti, et j\u00e4tta alasid majandustegevuseks, kuid arvestades sellega, et kaitsev\u00e4e investeeringud kannaks v\u00f5imalikult suurt vilja,&#8221; \u00fctles Valge. <\/p>\n<p>Viru ja K\u00f5pu radarite soetamine l\u00e4ks maksma \u00fcle 50 miljoni euro.<\/p>\n<p><img decoding=\"async\" style=\"width: 100%;\" src=\"https:\/\/www.europesays.com\/ee\/wp-content\/uploads\/2025\/11\/3102813he867t28.jpg\"\/><\/p>\n","protected":false},"excerpt":{"rendered":"Novembrist on Eestil ja NATO-l senisest veelgi parem \u00fclevaade \u00f5huruumis toimuvast, sest t\u00f6\u00f6le hakkas Ida-Virumaal aherainem\u00e4e otsas asuv&hellip;\n","protected":false},"author":2,"featured_media":50421,"comment_status":"","ping_status":"","sticky":false,"template":"","format":"standard","meta":{"footnotes":""},"categories":[14],"tags":[131,130,37,33,35,34,36,25624],"class_list":{"0":"post-50420","1":"post","2":"type-post","3":"status-publish","4":"format-standard","5":"has-post-thumbnail","7":"category-ari","8":"tag-ari","9":"tag-business","10":"tag-ee","11":"tag-eesti","12":"tag-eesti-keel","13":"tag-estonia","14":"tag-estonian","15":"tag-viru-radar"},"share_on_mastodon":{"url":"https:\/\/pubeurope.com\/@ee\/115610852049834385","error":""},"_links":{"self":[{"href":"https:\/\/www.europesays.com\/ee\/wp-json\/wp\/v2\/posts\/50420","targetHints":{"allow":["GET"]}}],"collection":[{"href":"https:\/\/www.europesays.com\/ee\/wp-json\/wp\/v2\/posts"}],"about":[{"href":"https:\/\/www.europesays.com\/ee\/wp-json\/wp\/v2\/types\/post"}],"author":[{"embeddable":true,"href":"https:\/\/www.europesays.com\/ee\/wp-json\/wp\/v2\/users\/2"}],"replies":[{"embeddable":true,"href":"https:\/\/www.europesays.com\/ee\/wp-json\/wp\/v2\/comments?post=50420"}],"version-history":[{"count":0,"href":"https:\/\/www.europesays.com\/ee\/wp-json\/wp\/v2\/posts\/50420\/revisions"}],"wp:featuredmedia":[{"embeddable":true,"href":"https:\/\/www.europesays.com\/ee\/wp-json\/wp\/v2\/media\/50421"}],"wp:attachment":[{"href":"https:\/\/www.europesays.com\/ee\/wp-json\/wp\/v2\/media?parent=50420"}],"wp:term":[{"taxonomy":"category","embeddable":true,"href":"https:\/\/www.europesays.com\/ee\/wp-json\/wp\/v2\/categories?post=50420"},{"taxonomy":"post_tag","embeddable":true,"href":"https:\/\/www.europesays.com\/ee\/wp-json\/wp\/v2\/tags?post=50420"}],"curies":[{"name":"wp","href":"https:\/\/api.w.org\/{rel}","templated":true}]}}