{"id":50456,"date":"2025-11-25T15:23:08","date_gmt":"2025-11-25T15:23:08","guid":{"rendered":"https:\/\/www.europesays.com\/ee\/50456\/"},"modified":"2025-11-25T15:23:08","modified_gmt":"2025-11-25T15:23:08","slug":"video-ja-fotod-eestlase-kaadrid-orkaanist-rasitud-jamaicalt-looduse-joud-on-ikka-muljetavaldav","status":"publish","type":"post","link":"https:\/\/www.europesays.com\/ee\/50456\/","title":{"rendered":"VIDEO JA FOTOD | Eestlase kaadrid orkaanist r\u00e4situd Jamaicalt: looduse j\u00f5ud on ikka muljetavaldav"},"content":{"rendered":"<p>\u201eEile (intervjuu toimus kaks n\u00e4dalat tagasi &#8211; toim) k\u00e4isime ka ise seal l\u00e4\u00e4ne pool, kus rohkem purustusi oli. Ja see looduse j\u00f5ud on ikkagi muljetavaldav!\u201c r\u00e4\u00e4kis Olle Kaidro. \u201ePuudest on rootsud ainult j\u00e4rgi ja majad on t\u00e4iesti lapikud.\u201c<\/p>\n<p>Vaata l\u00e4hemalt artikli p\u00e4ises asuvast videost!<\/p>\n<p>      Kuidas see lugu Sind end tundma pani?<br \/>\n        Saada<br \/>\n           <a href=\"https:\/\/tv.delfi.ee\/artikkel\/120416457\/video-ja-fotod-eestlase-kaadrid-orkaanist-rasitud-jamaicalt-looduse-joud-on-ikka-muljetavaldav\/kommentaarid\" class=\"article-body-bottom__comment article-body-bottom__comment--write button button--primary button--size-auto\" rel=\"nofollow noopener\" target=\"_blank\"><br \/>\n        Kommenteeri<br \/>\n       <\/a> <a href=\"https:\/\/tv.delfi.ee\/artikkel\/120416457\/video-ja-fotod-eestlase-kaadrid-orkaanist-rasitud-jamaicalt-looduse-joud-on-ikka-muljetavaldav\/kommentaarid\" class=\"article-body-bottom__comment article-body-bottom__comment--read button button--size-auto\" rel=\"nofollow noopener\" target=\"_blank\"><br \/>\n        Loe kommentaare  <\/a>  <\/p>\n","protected":false},"excerpt":{"rendered":"\u201eEile (intervjuu toimus kaks n\u00e4dalat tagasi &#8211; toim) k\u00e4isime ka ise seal l\u00e4\u00e4ne pool, kus rohkem purustusi oli.&hellip;\n","protected":false},"author":2,"featured_media":50457,"comment_status":"","ping_status":"","sticky":false,"template":"","format":"standard","meta":{"footnotes":""},"categories":[80],"tags":[26,27,37,33,35,34,36,31,32,21,14898,25646,28,29,95,19,25,23,24,22,20,30,92,93,94],"class_list":{"0":"post-50456","1":"post","2":"type-post","3":"status-publish","4":"format-standard","5":"has-post-thumbnail","7":"category-maailm","8":"tag-breaking-news","9":"tag-breakingnews","10":"tag-ee","11":"tag-eesti","12":"tag-eesti-keel","13":"tag-estonia","14":"tag-estonian","15":"tag-featured-news","16":"tag-featurednews","17":"tag-headlines","18":"tag-jamaica","19":"tag-jamaica-jamaika","20":"tag-latest-news","21":"tag-latestnews","22":"tag-maailm","23":"tag-news","24":"tag-populaarseimad-lood","25":"tag-top-stories","26":"tag-topstories","27":"tag-uldised-uudised","28":"tag-uudised","29":"tag-viimased-uudised","30":"tag-world","31":"tag-world-news","32":"tag-worldnews"},"share_on_mastodon":{"url":"https:\/\/pubeurope.com\/@ee\/115611028992063214","error":""},"_links":{"self":[{"href":"https:\/\/www.europesays.com\/ee\/wp-json\/wp\/v2\/posts\/50456","targetHints":{"allow":["GET"]}}],"collection":[{"href":"https:\/\/www.europesays.com\/ee\/wp-json\/wp\/v2\/posts"}],"about":[{"href":"https:\/\/www.europesays.com\/ee\/wp-json\/wp\/v2\/types\/post"}],"author":[{"embeddable":true,"href":"https:\/\/www.europesays.com\/ee\/wp-json\/wp\/v2\/users\/2"}],"replies":[{"embeddable":true,"href":"https:\/\/www.europesays.com\/ee\/wp-json\/wp\/v2\/comments?post=50456"}],"version-history":[{"count":0,"href":"https:\/\/www.europesays.com\/ee\/wp-json\/wp\/v2\/posts\/50456\/revisions"}],"wp:featuredmedia":[{"embeddable":true,"href":"https:\/\/www.europesays.com\/ee\/wp-json\/wp\/v2\/media\/50457"}],"wp:attachment":[{"href":"https:\/\/www.europesays.com\/ee\/wp-json\/wp\/v2\/media?parent=50456"}],"wp:term":[{"taxonomy":"category","embeddable":true,"href":"https:\/\/www.europesays.com\/ee\/wp-json\/wp\/v2\/categories?post=50456"},{"taxonomy":"post_tag","embeddable":true,"href":"https:\/\/www.europesays.com\/ee\/wp-json\/wp\/v2\/tags?post=50456"}],"curies":[{"name":"wp","href":"https:\/\/api.w.org\/{rel}","templated":true}]}}