{"id":50493,"date":"2025-11-25T16:30:08","date_gmt":"2025-11-25T16:30:08","guid":{"rendered":"https:\/\/www.europesays.com\/ee\/50493\/"},"modified":"2025-11-25T16:30:08","modified_gmt":"2025-11-25T16:30:08","slug":"riigi-kinnisvara-as-pidas-pidu-haapsalu-rannikul-asuvas-fra-mare-spaahotellis","status":"publish","type":"post","link":"https:\/\/www.europesays.com\/ee\/50493\/","title":{"rendered":"Riigi Kinnisvara AS pidas pidu Haapsalu rannikul asuvas Fra Mare spaahotellis"},"content":{"rendered":"<p>\u00abPidu toimus samal ajal, kui riigiasutused hoiavad kokku,\u00bb s\u00f5natakse toimetusele saadetud kirjas, kus vihjatakse, et m\u00f6\u00f6dunud n\u00e4dal pidas Riigi Kinnisvara AS (RKAS) maha peo Haapsalus asuvas spaahotellis. Riigiasutus kommenteerib, et tegemist oli hoopiski infop\u00e4evaga, mille eesm\u00e4rk oli vaadata \u00fcle 2025. aasta kogemuskohad ja arutada j\u00e4rgmise aasta t\u00f6\u00f6plaane.<\/p>\n","protected":false},"excerpt":{"rendered":"\u00abPidu toimus samal ajal, kui riigiasutused hoiavad kokku,\u00bb s\u00f5natakse toimetusele saadetud kirjas, kus vihjatakse, et m\u00f6\u00f6dunud n\u00e4dal pidas&hellip;\n","protected":false},"author":2,"featured_media":50494,"comment_status":"","ping_status":"","sticky":false,"template":"","format":"standard","meta":{"footnotes":""},"categories":[12],"tags":[26,27,37,33,35,34,36,31,32,25664,21,28,29,19,25,25665,25666,8607,25663,512,23,24,22,6326,20,30],"class_list":{"0":"post-50493","1":"post","2":"type-post","3":"status-publish","4":"format-standard","5":"has-post-thumbnail","7":"category-eesti","8":"tag-breaking-news","9":"tag-breakingnews","10":"tag-ee","11":"tag-eesti","12":"tag-eesti-keel","13":"tag-estonia","14":"tag-estonian","15":"tag-featured-news","16":"tag-featurednews","17":"tag-fra-mare-thalasso","18":"tag-headlines","19":"tag-latest-news","20":"tag-latestnews","21":"tag-news","22":"tag-populaarseimad-lood","23":"tag-priit-valk","24":"tag-rain-laane","25":"tag-riigi-kinnisvara-as","26":"tag-taagepera-loss","27":"tag-tervisekassa","28":"tag-top-stories","29":"tag-topstories","30":"tag-uldised-uudised","31":"tag-urmas-sukles","32":"tag-uudised","33":"tag-viimased-uudised"},"share_on_mastodon":{"url":"https:\/\/pubeurope.com\/@ee\/115611292455581766","error":""},"_links":{"self":[{"href":"https:\/\/www.europesays.com\/ee\/wp-json\/wp\/v2\/posts\/50493","targetHints":{"allow":["GET"]}}],"collection":[{"href":"https:\/\/www.europesays.com\/ee\/wp-json\/wp\/v2\/posts"}],"about":[{"href":"https:\/\/www.europesays.com\/ee\/wp-json\/wp\/v2\/types\/post"}],"author":[{"embeddable":true,"href":"https:\/\/www.europesays.com\/ee\/wp-json\/wp\/v2\/users\/2"}],"replies":[{"embeddable":true,"href":"https:\/\/www.europesays.com\/ee\/wp-json\/wp\/v2\/comments?post=50493"}],"version-history":[{"count":0,"href":"https:\/\/www.europesays.com\/ee\/wp-json\/wp\/v2\/posts\/50493\/revisions"}],"wp:featuredmedia":[{"embeddable":true,"href":"https:\/\/www.europesays.com\/ee\/wp-json\/wp\/v2\/media\/50494"}],"wp:attachment":[{"href":"https:\/\/www.europesays.com\/ee\/wp-json\/wp\/v2\/media?parent=50493"}],"wp:term":[{"taxonomy":"category","embeddable":true,"href":"https:\/\/www.europesays.com\/ee\/wp-json\/wp\/v2\/categories?post=50493"},{"taxonomy":"post_tag","embeddable":true,"href":"https:\/\/www.europesays.com\/ee\/wp-json\/wp\/v2\/tags?post=50493"}],"curies":[{"name":"wp","href":"https:\/\/api.w.org\/{rel}","templated":true}]}}