{"id":50518,"date":"2025-11-25T17:24:23","date_gmt":"2025-11-25T17:24:23","guid":{"rendered":"https:\/\/www.europesays.com\/ee\/50518\/"},"modified":"2025-11-25T17:24:23","modified_gmt":"2025-11-25T17:24:23","slug":"ukraina-droonirunnak-suutas-taganrogis-vene-eksperimentaalse-laserlennuki-maailm-postimees-ee","status":"publish","type":"post","link":"https:\/\/www.europesays.com\/ee\/50518\/","title":{"rendered":"Ukraina droonir\u00fcnnak s\u00fc\u00fctas Taganrogis Vene eksperimentaalse laserlennuki &#8211; Maailm &#8211; Postimees.ee"},"content":{"rendered":"<ol>\n<li><a href=\"https:\/\/news.google.com\/rss\/articles\/CBMirgFBVV95cUxNcDVBUE55bzRqQ3FOZGJHcDVrbzBMczRZWGtRMWJUWlRXNjB1eTA5S2hpRlZOMGhJSXh5WVhhTFg2ZUw1SDNlNUdYeGxzcGlucmdyQzJRT2dSdnRRNE4tWjNaOThER1V5QlROTlpMSGpNaFJpRXpjQU1KVDF5a01XZzZDeG1kNDNBQVg2UmZ2d0ZDeHpVQkRyUkF6VWtHem9jemVpS3J1QWc0b0hlc3c?oc=5\" target=\"_blank\" rel=\"nofollow noopener\">Ukraina droonir\u00fcnnak s\u00fc\u00fctas Taganrogis Vene eksperimentaalse laserlennuki<\/a>&nbsp;&nbsp;Maailm &#8211; Postimees.ee<\/li>\n<li><a href=\"https:\/\/news.google.com\/rss\/articles\/CBMiigFBVV95cUxPS3BqSjdoY1lmLUNGWmVpM2V6MXFxVE9vRC12SmdZX3RIRTZ1ZWlaQ0FrZWpNeWsxRThxd1FYaUFWanlFZzhFQVRwQWk2TGJjVUZYMjctYWd2a09iZjExdlc5NndEeDlWdnBoNk1sWFJfOUhVXzVqWWltcUVqZGpWVGkxbWlMZFBPelE?oc=5\" target=\"_blank\" rel=\"nofollow noopener\">Ukraina teatas r\u00fcnnakust Novorossiiski sadamalinnale<\/a>&nbsp;&nbsp;ERR<\/li>\n<li><a href=\"https:\/\/news.google.com\/rss\/articles\/CBMixgFBVV95cUxQal9zY2ItTkpXREVSdjVoNE5kV3hWRlNLcDJpeHlqMGMxSE9JVDVRNklnVGVwMUpZWmRCRHdzQTR6S2tpcnU4aTVhMFFWUXNLNE5nQUE0VHJva05WS1NxVXhGS0g1S3gxSHpWQWdtdTQ0OEVaSTF0cGU0LTMxUjVkVVNpQXNXb0Zwd0ljVzhWbjNDQW9iblhKMUtQa1BqalU1WWNqb19DbkxZcHJLWHEwUWxnSW81dTJyZlFkSXZhTWdoNU1nekE?oc=5\" target=\"_blank\" rel=\"nofollow noopener\">Mida kujutab endast ukrainlaste poolt Taganrogis h\u00e4vitatud n\u00f5ukogudeaegne superlennuk?<\/a>&nbsp;&nbsp;Delfi<\/li>\n<li><a href=\"https:\/\/news.google.com\/rss\/articles\/CBMiywFBVV95cUxQX0JQNlF2a0NzbmZWX2RGR3RMcGNGZEdlZ1RVWGI0Rk9NbTVvRllJYlBjX2VjZklTaWhFR0diV0xmS18yalVJNER2TFh3SVY1dXBpXzFMVVVhVGhLX2JNeFl3VVpvZ3hsSFh0RDQ1RVgyTkMzTi1salMzTmc5MC14MFVnNWhZOXp2TVZNaUgwMTFfbndpQzAtWGgxLU0tdGxSRXoxSHNNYXUweDJXZGlGa2U4cldKb21NTFQyRjZlb2M1dmE5R0xVaGxpYw?oc=5\" target=\"_blank\" rel=\"nofollow noopener\">BLOGI | Zelensk\u00f5i: Venemaa ei t\u00e4itnud taas Putini seatud t\u00e4htaegu Pokrovski ja Kupjanski vallutamiseks<\/a>&nbsp;&nbsp;\u00d5htuleht<\/li>\n<li><a href=\"https:\/\/news.google.com\/rss\/articles\/CBMiqwFBVV95cUxNdUIzNkhzWFY2RUdYVzdSLXFzQk1wRVc3MUY4OFlCU3dKeGNTdS04b1ZhSW5idnJKbW5VVVdQY0JjM1RoWnZpb1lsVEU0LTRld2tmTzFuWFlGS25YNG1xbE9lbzd4QWtjYnliakw5cjhNaXVDMzRXVkJmYTBaRVN6V0ZVajVtWmtiQmR4MDZJLWJGUjFOSWp0b0EtcjdmWlJPem55WEl6VTVGbWc?oc=5\" target=\"_blank\" rel=\"nofollow noopener\">S\u00f5ja 1366. p\u00e4ev: Ukraina r\u00fcndas droonidega Rjazani oblasti naftat\u00f6\u00f6tlemistehast<\/a>&nbsp;&nbsp;ERR<\/li>\n<\/ol>\n","protected":false},"excerpt":{"rendered":"Ukraina droonir\u00fcnnak s\u00fc\u00fctas Taganrogis Vene eksperimentaalse laserlennuki&nbsp;&nbsp;Maailm &#8211; Postimees.ee Ukraina teatas r\u00fcnnakust Novorossiiski sadamalinnale&nbsp;&nbsp;ERR Mida kujutab endast ukrainlaste&hellip;\n","protected":false},"author":2,"featured_media":50519,"comment_status":"","ping_status":"","sticky":false,"template":"","format":"standard","meta":{"footnotes":"","_share_on_mastodon":"0"},"categories":[80],"tags":[26,27,884,37,33,35,34,36,31,32,21,28,29,95,19,25,25494,23,24,262,22,20,96,30,92,93,94],"class_list":["post-50518","post","type-post","status-publish","format-standard","has-post-thumbnail","category-maailm","tag-breaking-news","tag-breakingnews","tag-droonirunnak","tag-ee","tag-eesti","tag-eesti-keel","tag-estonia","tag-estonian","tag-featured-news","tag-featurednews","tag-headlines","tag-latest-news","tag-latestnews","tag-maailm","tag-news","tag-populaarseimad-lood","tag-taganrog","tag-top-stories","tag-topstories","tag-ukraina","tag-uldised-uudised","tag-uudised","tag-venemaa","tag-viimased-uudised","tag-world","tag-world-news","tag-worldnews"],"share_on_mastodon":{"url":"https:\/\/pubeurope.com\/@ee\/115611504724899295","error":""},"_links":{"self":[{"href":"https:\/\/www.europesays.com\/ee\/wp-json\/wp\/v2\/posts\/50518","targetHints":{"allow":["GET"]}}],"collection":[{"href":"https:\/\/www.europesays.com\/ee\/wp-json\/wp\/v2\/posts"}],"about":[{"href":"https:\/\/www.europesays.com\/ee\/wp-json\/wp\/v2\/types\/post"}],"author":[{"embeddable":true,"href":"https:\/\/www.europesays.com\/ee\/wp-json\/wp\/v2\/users\/2"}],"replies":[{"embeddable":true,"href":"https:\/\/www.europesays.com\/ee\/wp-json\/wp\/v2\/comments?post=50518"}],"version-history":[{"count":0,"href":"https:\/\/www.europesays.com\/ee\/wp-json\/wp\/v2\/posts\/50518\/revisions"}],"wp:featuredmedia":[{"embeddable":true,"href":"https:\/\/www.europesays.com\/ee\/wp-json\/wp\/v2\/media\/50519"}],"wp:attachment":[{"href":"https:\/\/www.europesays.com\/ee\/wp-json\/wp\/v2\/media?parent=50518"}],"wp:term":[{"taxonomy":"category","embeddable":true,"href":"https:\/\/www.europesays.com\/ee\/wp-json\/wp\/v2\/categories?post=50518"},{"taxonomy":"post_tag","embeddable":true,"href":"https:\/\/www.europesays.com\/ee\/wp-json\/wp\/v2\/tags?post=50518"}],"curies":[{"name":"wp","href":"https:\/\/api.w.org\/{rel}","templated":true}]}}