{"id":50588,"date":"2025-11-25T19:49:08","date_gmt":"2025-11-25T19:49:08","guid":{"rendered":"https:\/\/www.europesays.com\/ee\/50588\/"},"modified":"2025-11-25T19:49:08","modified_gmt":"2025-11-25T19:49:08","slug":"rae-vorkpallinaiskond-kaotas-tasavagise-euromangu-vorkpall","status":"publish","type":"post","link":"https:\/\/www.europesays.com\/ee\/50588\/","title":{"rendered":"Rae v\u00f5rkpallinaiskond kaotas tasav\u00e4gise eurom\u00e4ngu | V\u00f5rkpall"},"content":{"rendered":"<p>Rae Spordikool\/Viaston v\u00f5rkpallinaiskond v\u00f5\u00f5rustas CEV Challenge Cupi 1\/16-finaalis T\u0161ehhi klubi Praha Olympi, kellele j\u00e4\u00e4di tasav\u00e4gises kohtumises 2:3 alla.<\/p>\n<p>Olymp v\u00f5itis avageimi 25:21. Teises geimis oli Rae 18:21 taga, v\u00f5itis siis viis punkti j\u00e4rjest ja l\u00e4ks 23:21 juhtima, aga kaotas l\u00f5puks geimi 24:26. Kolmandat geimi asus Rae 6:0 juhtima, aga geimil\u00f5pp l\u00e4ks j\u00e4lle v\u00e4ga tasav\u00e4giseks. Rae juhtis 24:21, Olymp j\u00f5udis veel punkti kaugusele, aga l\u00f5puks v\u00f5ttis Rae siiski 25:23 geimiv\u00f5idu. Neljas geim kulges taas tasav\u00e4giselt, kuni 21:18 eduseisust v\u00f5itis Rae neli punkti j\u00e4rjest ja viigistas 25:18 geimiv\u00f5iduga \u00fcldseisu.<\/p>\n<p>Otsustavas geimis l\u00e4ks Rae 5:2 ette, aga siis p\u00e4\u00e4ses omakorda Praha klubi 9:6 ette. Rae viigistas 10:10 ja 11:11, aga siis v\u00f5itsid vastased kolm punkti j\u00e4rjest, teenides seega kolm mat\u0161palli. Rae suutis need k\u00f5ik p\u00e4\u00e4sta ja taas seisu viigistada, aga kahjuks j\u00e4i Olymp l\u00f5puks siiski 16:14 peale.<\/p>\n<p>Korduskohtumine peetakse v\u00f5\u00f5rsil 3. detsembril.<\/p>\n","protected":false},"excerpt":{"rendered":"Rae Spordikool\/Viaston v\u00f5rkpallinaiskond v\u00f5\u00f5rustas CEV Challenge Cupi 1\/16-finaalis T\u0161ehhi klubi Praha Olympi, kellele j\u00e4\u00e4di tasav\u00e4gises kohtumises 2:3 alla.&hellip;\n","protected":false},"author":2,"featured_media":50589,"comment_status":"","ping_status":"","sticky":false,"template":"","format":"standard","meta":{"footnotes":""},"categories":[5],"tags":[26,27,18011,37,33,35,34,36,31,32,21,28,29,19,25,1227,23,24,22,20,30],"class_list":{"0":"post-50588","1":"post","2":"type-post","3":"status-publish","4":"format-standard","5":"has-post-thumbnail","7":"category-uldised-uudised","8":"tag-breaking-news","9":"tag-breakingnews","10":"tag-cev-challenge-cup","11":"tag-ee","12":"tag-eesti","13":"tag-eesti-keel","14":"tag-estonia","15":"tag-estonian","16":"tag-featured-news","17":"tag-featurednews","18":"tag-headlines","19":"tag-latest-news","20":"tag-latestnews","21":"tag-news","22":"tag-populaarseimad-lood","23":"tag-rae-spordikool-viaston","24":"tag-top-stories","25":"tag-topstories","26":"tag-uldised-uudised","27":"tag-uudised","28":"tag-viimased-uudised"},"share_on_mastodon":{"url":"https:\/\/pubeurope.com\/@ee\/115612074806307128","error":""},"_links":{"self":[{"href":"https:\/\/www.europesays.com\/ee\/wp-json\/wp\/v2\/posts\/50588","targetHints":{"allow":["GET"]}}],"collection":[{"href":"https:\/\/www.europesays.com\/ee\/wp-json\/wp\/v2\/posts"}],"about":[{"href":"https:\/\/www.europesays.com\/ee\/wp-json\/wp\/v2\/types\/post"}],"author":[{"embeddable":true,"href":"https:\/\/www.europesays.com\/ee\/wp-json\/wp\/v2\/users\/2"}],"replies":[{"embeddable":true,"href":"https:\/\/www.europesays.com\/ee\/wp-json\/wp\/v2\/comments?post=50588"}],"version-history":[{"count":0,"href":"https:\/\/www.europesays.com\/ee\/wp-json\/wp\/v2\/posts\/50588\/revisions"}],"wp:featuredmedia":[{"embeddable":true,"href":"https:\/\/www.europesays.com\/ee\/wp-json\/wp\/v2\/media\/50589"}],"wp:attachment":[{"href":"https:\/\/www.europesays.com\/ee\/wp-json\/wp\/v2\/media?parent=50588"}],"wp:term":[{"taxonomy":"category","embeddable":true,"href":"https:\/\/www.europesays.com\/ee\/wp-json\/wp\/v2\/categories?post=50588"},{"taxonomy":"post_tag","embeddable":true,"href":"https:\/\/www.europesays.com\/ee\/wp-json\/wp\/v2\/tags?post=50588"}],"curies":[{"name":"wp","href":"https:\/\/api.w.org\/{rel}","templated":true}]}}