{"id":50605,"date":"2025-11-25T20:18:08","date_gmt":"2025-11-25T20:18:08","guid":{"rendered":"https:\/\/www.europesays.com\/ee\/50605\/"},"modified":"2025-11-25T20:18:08","modified_gmt":"2025-11-25T20:18:08","slug":"kas-cas-laseb-venemaa-suusatajad-juba-tanavusel-hooajal-rajale-tagasi","status":"publish","type":"post","link":"https:\/\/www.europesays.com\/ee\/50605\/","title":{"rendered":"Kas CAS laseb Venemaa suusatajad juba t\u00e4navusel hooajal rajale tagasi?"},"content":{"rendered":"<p>N\u00fc\u00fcdseks on asjad j\u00f5udnud nii kaugele, et CAS kuulab 1. detsembril \u00e4ra Venemaa suusaalade liidu seisukohad. Organisatsiooni pressiteenistus teatas Venemaa ajalehele Sport-Ekspress, et otsus v\u00f5etakse vastu hiljemalt 10. detsembril.<\/p>\n<p>FIS v\u00f5ttis oma otsuse vastu 21. oktoobril, veidi enne esimesena lahti l\u00e4inud m\u00e4esuusatamise MK-sarja algust. T\u00f5siseimad tegijad on Venemaal FISi aladest ikkagi murdmaasuusatamises.<\/p>\n","protected":false},"excerpt":{"rendered":"N\u00fc\u00fcdseks on asjad j\u00f5udnud nii kaugele, et CAS kuulab 1. detsembril \u00e4ra Venemaa suusaalade liidu seisukohad. Organisatsiooni pressiteenistus&hellip;\n","protected":false},"author":2,"featured_media":50606,"comment_status":"","ping_status":"","sticky":false,"template":"","format":"standard","meta":{"footnotes":""},"categories":[18],"tags":[17126,37,33,35,34,36,3993,12545,159,158,18743],"class_list":{"0":"post-50605","1":"post","2":"type-post","3":"status-publish","4":"format-standard","5":"has-post-thumbnail","7":"category-sport","8":"tag-cas","9":"tag-ee","10":"tag-eesti","11":"tag-eesti-keel","12":"tag-estonia","13":"tag-estonian","14":"tag-johan-eliasch","15":"tag-rahvusvaheline-suusaliit","16":"tag-sport","17":"tag-sports","18":"tag-venemaa-suusaliit"},"share_on_mastodon":{"url":"https:\/\/pubeurope.com\/@ee\/115612188960492955","error":""},"_links":{"self":[{"href":"https:\/\/www.europesays.com\/ee\/wp-json\/wp\/v2\/posts\/50605","targetHints":{"allow":["GET"]}}],"collection":[{"href":"https:\/\/www.europesays.com\/ee\/wp-json\/wp\/v2\/posts"}],"about":[{"href":"https:\/\/www.europesays.com\/ee\/wp-json\/wp\/v2\/types\/post"}],"author":[{"embeddable":true,"href":"https:\/\/www.europesays.com\/ee\/wp-json\/wp\/v2\/users\/2"}],"replies":[{"embeddable":true,"href":"https:\/\/www.europesays.com\/ee\/wp-json\/wp\/v2\/comments?post=50605"}],"version-history":[{"count":0,"href":"https:\/\/www.europesays.com\/ee\/wp-json\/wp\/v2\/posts\/50605\/revisions"}],"wp:featuredmedia":[{"embeddable":true,"href":"https:\/\/www.europesays.com\/ee\/wp-json\/wp\/v2\/media\/50606"}],"wp:attachment":[{"href":"https:\/\/www.europesays.com\/ee\/wp-json\/wp\/v2\/media?parent=50605"}],"wp:term":[{"taxonomy":"category","embeddable":true,"href":"https:\/\/www.europesays.com\/ee\/wp-json\/wp\/v2\/categories?post=50605"},{"taxonomy":"post_tag","embeddable":true,"href":"https:\/\/www.europesays.com\/ee\/wp-json\/wp\/v2\/tags?post=50605"}],"curies":[{"name":"wp","href":"https:\/\/api.w.org\/{rel}","templated":true}]}}