{"id":50615,"date":"2025-11-25T20:40:16","date_gmt":"2025-11-25T20:40:16","guid":{"rendered":"https:\/\/www.europesays.com\/ee\/50615\/"},"modified":"2025-11-25T20:40:16","modified_gmt":"2025-11-25T20:40:16","slug":"karikavoistlustel-algavad-poolfinaalid-olen-sellele-hooaja-algusest-saadik-moelnud","status":"publish","type":"post","link":"https:\/\/www.europesays.com\/ee\/50615\/","title":{"rendered":"Karikav\u00f5istlustel algavad poolfinaalid. \u00abOlen sellele hooaja algusest saadik m\u00f5elnud.\u00bb"},"content":{"rendered":"<p>\u00abKehvas konditsioonis me ei ole, k\u00fcsimus on individuaalsetes oskustes. Karikafinaali j\u00f5udmine tekitab ikka p\u00f5nevust ja lootusetus seisus me sellele seeriale vastu ei l\u00e4he. V\u00f5iksime kodus \u00f5nnestuda ja siis tuleks see \u00f5nnestumine ka kordusm\u00e4ngu \u00fcle kanda,\u00bb lisas kogenud peatreener.<\/p>\n<p>Tartu Bigbanki ja V\u00f5ru Barruse vastasseis on alati kirgi k\u00fctnud, samad meeskonnad on karikav\u00f5istluste poolfinaalis vastamisi kolmandat aastat j\u00e4rjest ja V\u00f5rut pole seni veel edu saatnud.<\/p>\n<p>V\u00f5ru Barruse peatreener Oliver L\u00fc\u00fctsepp loodab selle mustri murda. \u00abTahame v\u00e4ga finaali saada ja olen sellele hooaja algusest saadik m\u00f5elnud ning vormi ka selleks ajaks s\u00e4ttinud. Ainus eesm\u00e4rk on see seeria v\u00f5ita, eks teine m\u00e4ng on m\u00e4\u00e4rav, aga eks esimese tulemus v\u00f5ib \u00fchele v\u00f5i teisele meeskonnale mingeid tundeid tekitada. Tartu on viimasel ajal olnud s\u00f5iduvees, aga \u00fcritame oma m\u00e4ngu peale suruda ja loodan, et l\u00e4heb p\u00f5nevaks,\u00bb s\u00f5nas ta.<\/p>\n<p>Meeskonnaga kaks n\u00e4dalat tagasi liitunud sidem\u00e4ngija Mikko Esko on juhendaja s\u00f5nul h\u00e4sti sisse elanud. \u00abTema osas on k\u00f5ik v\u00e4ga positiivne, on n\u00e4ha, kuidas ta naudib trenni ja kogu seda protsessi ning on k\u00f5igile eeskujuks,\u00bb lisas L\u00fc\u00fctsepp.<\/p>\n<p>Tartu Bigbanki peatreener Alar Rikberg ootab tasav\u00e4gist seeriat. \u00abMeie ja V\u00f5ru duellid on varasemalt pakkunud k\u00f5vasti v\u00f5itluslikkust ja pusimist, ootan seda ka sellelt seerialt. V\u00f5rul on olnud sidem\u00e4ngijatega vangerdamist ja seet\u00f5ttu pole mul v\u00e4ga head pilti Mikko Esko reaalsest seisust. Ta m\u00e4ngis k\u00fcll kaks m\u00e4ngu Balti liigas, aga need olid bussireisidelt saali minekud ja p\u00e4ris t\u00f5ep\u00e4he seda v\u00f5tta ei saa. Kogemust ja kvaliteeti on tal kindlasti, aga k\u00fcsimus j\u00e4\u00e4b, millises seisus ta jaksu osas on, aga m\u00e4ngumuutja on tema n\u00e4ol olemas,\u00bb vaagis juhendaja.<\/p>\n<p>\u00abOma meeskonnaga oleme tihedas m\u00e4ngugraafikus ja seega tuleb fookus panna m\u00e4ngimisele ja trennile v\u00e4ga aega ei j\u00e4\u00e4. Karika poolfinaalid on hetkel k\u00f5ige olulisemad, kus libastuda ei saa ja kombineerimiseks aega pole,\u00bb lisas Rikberg.<\/p>\n<p>Karikav\u00f5istlustel p\u00e4\u00e4seb finaali kaks v\u00f5itu saanud v\u00f5istkond. Juhul kui m\u00f5lemal v\u00f5istkonnal on v\u00f5it ja kaotus, saab edasi m\u00e4ngu eest antavate suurema punktide arvuga v\u00f5istkond. Vajadusel m\u00e4ngitakse kuldne geim (15 punktini).<\/p>\n<p>Meeste ja naiste ning ka esmakordselt toimuva v\u00e4ikese karika finaalid peetakse 21. detsembril toimuval suurel finaalip\u00e4eval Unibet Arenal.<\/p>\n<p><a target=\"_blank\" rel=\"noopener noreferrer nofollow\" href=\"https:\/\/www.piletitasku.ee\/et\/event\/8570\">Piletid on saadaval SIIT.<\/a><\/p>\n","protected":false},"excerpt":{"rendered":"\u00abKehvas konditsioonis me ei ole, k\u00fcsimus on individuaalsetes oskustes. Karikafinaali j\u00f5udmine tekitab ikka p\u00f5nevust ja lootusetus seisus me&hellip;\n","protected":false},"author":2,"featured_media":50616,"comment_status":"","ping_status":"","sticky":false,"template":"","format":"standard","meta":{"footnotes":""},"categories":[18],"tags":[3953,4040,25705,25706,37,33,35,34,36,1517,1443,19084,6504,4103,4480,159,158,1225,5798,4105],"class_list":{"0":"post-50615","1":"post","2":"type-post","3":"status-publish","4":"format-standard","5":"has-post-thumbnail","7":"category-sport","8":"tag-alar-rikberg","9":"tag-avo-keel","10":"tag-carlos-paez","11":"tag-daniel-pita","12":"tag-ee","13":"tag-eesti","14":"tag-eesti-keel","15":"tag-estonia","16":"tag-estonian","17":"tag-finaal","18":"tag-karikavoistlused","19":"tag-mikko-esko","20":"tag-oliver-luutsepp","21":"tag-parnu-vk","22":"tag-rainer-vassiljev","23":"tag-sport","24":"tag-sports","25":"tag-tartu-bigbank","26":"tag-unibet-arena","27":"tag-voru-barrus"},"share_on_mastodon":{"url":"https:\/\/pubeurope.com\/@ee\/115612275361271254","error":""},"_links":{"self":[{"href":"https:\/\/www.europesays.com\/ee\/wp-json\/wp\/v2\/posts\/50615","targetHints":{"allow":["GET"]}}],"collection":[{"href":"https:\/\/www.europesays.com\/ee\/wp-json\/wp\/v2\/posts"}],"about":[{"href":"https:\/\/www.europesays.com\/ee\/wp-json\/wp\/v2\/types\/post"}],"author":[{"embeddable":true,"href":"https:\/\/www.europesays.com\/ee\/wp-json\/wp\/v2\/users\/2"}],"replies":[{"embeddable":true,"href":"https:\/\/www.europesays.com\/ee\/wp-json\/wp\/v2\/comments?post=50615"}],"version-history":[{"count":0,"href":"https:\/\/www.europesays.com\/ee\/wp-json\/wp\/v2\/posts\/50615\/revisions"}],"wp:featuredmedia":[{"embeddable":true,"href":"https:\/\/www.europesays.com\/ee\/wp-json\/wp\/v2\/media\/50616"}],"wp:attachment":[{"href":"https:\/\/www.europesays.com\/ee\/wp-json\/wp\/v2\/media?parent=50615"}],"wp:term":[{"taxonomy":"category","embeddable":true,"href":"https:\/\/www.europesays.com\/ee\/wp-json\/wp\/v2\/categories?post=50615"},{"taxonomy":"post_tag","embeddable":true,"href":"https:\/\/www.europesays.com\/ee\/wp-json\/wp\/v2\/tags?post=50615"}],"curies":[{"name":"wp","href":"https:\/\/api.w.org\/{rel}","templated":true}]}}