{"id":50794,"date":"2025-11-26T07:11:08","date_gmt":"2025-11-26T07:11:08","guid":{"rendered":"https:\/\/www.europesays.com\/ee\/50794\/"},"modified":"2025-11-26T07:11:08","modified_gmt":"2025-11-26T07:11:08","slug":"bloomberg-witkoff-lubas-putini-abile-moskvale-kasulikku-diili","status":"publish","type":"post","link":"https:\/\/www.europesays.com\/ee\/50794\/","title":{"rendered":"Bloomberg: Witkoff lubas Putini abile Moskvale kasulikku diili"},"content":{"rendered":"<p>\u201eN\u00fc\u00fcd minult sinule, ma tean, mida on vaja, et rahudiil tehtud saaks: <a rel=\"noopener nofollow\" target=\"_blank\" href=\"https:\/\/www.delfi.ee\/teema\/68398911\/donetsk\" tag-id=\"68398911\">Donetsk<\/a> ja v\u00f5ib-olla maadevahetus kuskil. Aga ma \u00fctlen, et selle asemel, et nii r\u00e4\u00e4kida, r\u00e4\u00e4gime lootusrikkamalt, sest ma arvan, et me saame siin diili. Ja ma arvan, Juri, et [Trump] annab mulle palju ruumi ja otsustusvabadust, et diil saada,\u201c \u00fctles Witkoff, vahendab The Kyiv Independent.<\/p>\n<p>14. oktoobri telefonivestlus Witkoffi ja venelaste vahel leidis aset m\u00f5ni p\u00e4ev enne <a rel=\"noopener nofollow\" target=\"_blank\" href=\"https:\/\/www.delfi.ee\/teema\/25048531\/ukraina\" tag-id=\"25048531\">Ukraina<\/a> presidendi <a rel=\"noopener nofollow\" target=\"_blank\" href=\"https:\/\/www.delfi.ee\/teema\/85745477\/volodomor-zelenskoi\" tag-id=\"85745477\">Volod\u00f5m\u00f5r Zelensk\u00f5i<\/a> viimast k\u00fclask\u00e4iku <a rel=\"noopener nofollow\" target=\"_blank\" href=\"https:\/\/www.delfi.ee\/teema\/82789297\/washington\" tag-id=\"82789297\">Washingtoni<\/a>. Kui Zelensk\u00f5i lootis veenda Trumpi andma Ukrainale kaugmaarakette <a rel=\"noopener nofollow\" target=\"_blank\" href=\"https:\/\/www.delfi.ee\/teema\/77816610\/tomahawk\" tag-id=\"77816610\">Tomahawk<\/a>, siis ootamatu telefonik\u00f5ne Putinilt muutis p\u00e4evakorda.<\/p>\n<p>Bloombergi saadud salvestus viitab sellele, et Witkoff m\u00e4ngis nende s\u00fcndmuste korraldamisel rolli.<\/p>\n<p>\u201eZelensk\u00f5i tuleb reedel Valgesse Majja,\u201c \u00fctles Witkoff Bloombergi teatel U\u0161akovile. \u201eMa l\u00e4hen sellele kohtumisele, sest nad tahavad mind sinna, aga ma arvan, et kui v\u00f5imalik, teeme me k\u00f5ne sinu bossiga enne seda reedest kohtumist.\u201c<\/p>\n<p>Bloomberg on saanud ka 29. oktoobrist p\u00e4rit salvestuse. Siis helistas U\u0161akov rahul\u00e4bir\u00e4\u00e4kimiste arutamiseks Putini eriesindajale <a rel=\"noopener nofollow\" target=\"_blank\" href=\"https:\/\/www.delfi.ee\/teema\/96867363\/kirill-dmitrijev\" tag-id=\"96867363\">Kirill Dmitrijevile<\/a>.<\/p>\n<p>\u201eNoh, meil on vaja maksimumi, kas sa ei arva? Mis sa arvad? Mis m\u00f5tet on muidu midagi edasi anda?\u201c k\u00fcsis U\u0161akov.<\/p>\n<p>\u201eEi, vaata. Ma arvan, et me teeme lihtsalt selle paberi meie seisukohast ja ma annan selle mitteametlikult edasi, tehes selgeks, et see k\u00f5ik on mitteametlik,\u201c vastas Dmitrijev. \u201eMa arvan, et nad ei v\u00f5ta t\u00e4pselt meie versiooni, aga v\u00e4hemalt on see sellele nii l\u00e4hedal kui v\u00f5imalik.\u201c<\/p>\n<p>\u201eNad v\u00f5ivad seda hiljem v\u00e4\u00e4nata, see on k\u00f5ik. See risk on olemas. On. Noh, olgu pealegi. Vaatame,\u201c \u00fctles U\u0161akov.<\/p>\n<p>    Kuidas see lugu Sind end tundma pani?<br \/>\n        Saada<br \/>\n           <a href=\"https:\/\/www.delfi.ee\/artikkel\/120419648\/bloomberg-witkoff-lubas-putini-abile-moskvale-kasulikku-diili\/kommentaarid\" class=\"article-body-bottom__comment article-body-bottom__comment--write button button--primary button--size-auto\" rel=\"nofollow noopener\" target=\"_blank\"><br \/>\n        Kommenteeri<br \/>\n       <\/a> <a href=\"https:\/\/www.delfi.ee\/artikkel\/120419648\/bloomberg-witkoff-lubas-putini-abile-moskvale-kasulikku-diili\/kommentaarid\" class=\"article-body-bottom__comment article-body-bottom__comment--read button button--size-auto\" rel=\"nofollow noopener\" target=\"_blank\"><br \/>\n        Loe kommentaare (3) <\/a>  <\/p>\n","protected":false},"excerpt":{"rendered":"\u201eN\u00fc\u00fcd minult sinule, ma tean, mida on vaja, et rahudiil tehtud saaks: Donetsk ja v\u00f5ib-olla maadevahetus kuskil. Aga&hellip;\n","protected":false},"author":2,"featured_media":50795,"comment_status":"","ping_status":"","sticky":false,"template":"","format":"standard","meta":{"footnotes":""},"categories":[5],"tags":[26,27,324,4556,37,33,35,34,36,31,32,21,12329,12648,28,29,108,19,25,8832,5546,23,24,262,22,325,20,1177,96,30,661,263,2405],"class_list":{"0":"post-50794","1":"post","2":"type-post","3":"status-publish","4":"format-standard","5":"has-post-thumbnail","7":"category-uldised-uudised","8":"tag-breaking-news","9":"tag-breakingnews","10":"tag-donald-trump","11":"tag-donetsk","12":"tag-ee","13":"tag-eesti","14":"tag-eesti-keel","15":"tag-estonia","16":"tag-estonian","17":"tag-featured-news","18":"tag-featurednews","19":"tag-headlines","20":"tag-juri-usakov","21":"tag-kirill-dmitrijev","22":"tag-latest-news","23":"tag-latestnews","24":"tag-moskva","25":"tag-news","26":"tag-populaarseimad-lood","27":"tag-steve-witkoff","28":"tag-tomahawk","29":"tag-top-stories","30":"tag-topstories","31":"tag-ukraina","32":"tag-uldised-uudised","33":"tag-usa","34":"tag-uudised","35":"tag-valge-maja-usa","36":"tag-venemaa","37":"tag-viimased-uudised","38":"tag-vladimir-putin","39":"tag-volodomor-zelenskoi","40":"tag-washington"},"share_on_mastodon":{"url":"https:\/\/pubeurope.com\/@ee\/115614756576742234","error":""},"_links":{"self":[{"href":"https:\/\/www.europesays.com\/ee\/wp-json\/wp\/v2\/posts\/50794","targetHints":{"allow":["GET"]}}],"collection":[{"href":"https:\/\/www.europesays.com\/ee\/wp-json\/wp\/v2\/posts"}],"about":[{"href":"https:\/\/www.europesays.com\/ee\/wp-json\/wp\/v2\/types\/post"}],"author":[{"embeddable":true,"href":"https:\/\/www.europesays.com\/ee\/wp-json\/wp\/v2\/users\/2"}],"replies":[{"embeddable":true,"href":"https:\/\/www.europesays.com\/ee\/wp-json\/wp\/v2\/comments?post=50794"}],"version-history":[{"count":0,"href":"https:\/\/www.europesays.com\/ee\/wp-json\/wp\/v2\/posts\/50794\/revisions"}],"wp:featuredmedia":[{"embeddable":true,"href":"https:\/\/www.europesays.com\/ee\/wp-json\/wp\/v2\/media\/50795"}],"wp:attachment":[{"href":"https:\/\/www.europesays.com\/ee\/wp-json\/wp\/v2\/media?parent=50794"}],"wp:term":[{"taxonomy":"category","embeddable":true,"href":"https:\/\/www.europesays.com\/ee\/wp-json\/wp\/v2\/categories?post=50794"},{"taxonomy":"post_tag","embeddable":true,"href":"https:\/\/www.europesays.com\/ee\/wp-json\/wp\/v2\/tags?post=50794"}],"curies":[{"name":"wp","href":"https:\/\/api.w.org\/{rel}","templated":true}]}}