{"id":50884,"date":"2025-11-26T09:00:14","date_gmt":"2025-11-26T09:00:14","guid":{"rendered":"https:\/\/www.europesays.com\/ee\/50884\/"},"modified":"2025-11-26T09:00:14","modified_gmt":"2025-11-26T09:00:14","slug":"projekt-vahva-kartul-ponev-teekond-mugulast-saagini","status":"publish","type":"post","link":"https:\/\/www.europesays.com\/ee\/50884\/","title":{"rendered":"Projekt \u201eVahva kartul\u201c- p\u00f5nev teekond mugulast saagini"},"content":{"rendered":"<p class=\"lead\">1.05.- 31.10.2025 viidi Mutionu lasteaias l\u00e4bi projekt \u201eVahva kartul\u201c, mille raames soetati r\u00fchmadele seemnekartulit, muld, spetsiaalsed kartulikasvatuse potid, rohelised aiak\u00e4rud, mesilaste ja lepatriinudega t\u00f6\u00f6kindad, suured luubid, mobiilne kasvuhoone, C. Jugla, J. Guichard, C. Jugla raamat \u201eLihtne teadus. Kartul\u201c. Soetatud vahendid andsid v\u00f5imaluse l\u00e4bi viia p\u00f5nevaid vaatlusi ja praktilisi tegevusi nii \u00f5ues kui siseruumides.<\/p>\n<p><a href=\"https:\/\/live.s3.teliahybridcloud.com\/s3fs-public\/image_bank_foto\/2025-11\/%C3%95ppeaedade%20projekt.jpg\" class=\"photoswipe\" data-size=\"1036x748\" data-overlay-title=\"\" rel=\"nofollow noopener\" target=\"_blank\"><br \/>\n  <img decoding=\"async\" src=\"https:\/\/www.europesays.com\/ee\/wp-content\/uploads\/2025\/11\/\u00d5ppeaedade projekt.jpg\" width=\"748\" height=\"540\" title=\"\u00d5ppeaedade projekt.jpg\" loading=\"lazy\" alt=\"\" class=\"image-style-honorary-thumbnail-autoplay-gif\"\/><\/p>\n<p>  <\/a><\/p>\n<p class=\"text-align-justify\">Projekti eesm\u00e4rk oli tutvustada lastele eestlaste \u00fchte lemmikut mugulk\u00f6\u00f6givilja- kartulit ning anda teadmisi selle omaduste, kasvuprotsessi, kasutusv\u00f5imaluste ja t\u00e4htsuse kohta meie igap\u00e4evaelus. L\u00e4bi erinevate tegevuste said lapsed praktilise kogemuse kartuli kasvatamisest alates idandamisest kuni saagi koristamiseni.<\/p>\n<p class=\"text-align-justify\">Lapsed j\u00e4lgisid kartuli arengut erinevates kasvutingimustes- vees, kasvuhoones, potis ja taimekasvatuskastis. Katsete tulemusel tehti kindlaks, et k\u00f5ige kiiremini kasvasid taimed kasvuhoones, kuid k\u00f5ige parem saak saadi taimekasvatuskastist, kus olid kartulile k\u00f5ige sobivaimad kasvutingimused: piisavalt ruumi, soojust, valgust ja niiskust.<\/p>\n<p class=\"text-align-justify\">Lisaks kasvatust\u00f6\u00f6le rikastasid projekti mitmesugused m\u00e4ngulised ja loomingulised tegevused. Lapsed uurisid kartuli sorte, kuju, suurust ja v\u00e4rvi, meisterdasid ning tegid kartuliga huvitavaid katseid.<\/p>\n<p class=\"text-align-justify\">Projekti l\u00f5pus kaasati ka lapsevanemaid- kodudes valmistati kartulist erinevaid toite ning saadeti neist fotosid r\u00fchma\u00f5petajatele. Lapsed said uhkusega fotode j\u00e4rgi r\u00e4\u00e4kida enda poolt kodus tehtud toitude valmistamisest.<\/p>\n<p class=\"text-align-justify\">Selleks, et k\u00f5ikidel r\u00fchmadel oleks v\u00f5imalus tutvustada projektis l\u00e4bi viidud tegevusi, korraldati lasteaia keldrisaalis foton\u00e4itus, kuhu oli v\u00e4lja pandud ka projekti rahastusest saadud vahendid. N\u00e4itust k\u00fclastasid nii lapsevanemad kui ka teised lasteaia k\u00fclalised. K\u00fclas k\u00e4isid n\u00e4iteks Lille lasteaia koolieelikud, kes said osa ka Mutionu lasteaia \u00f5petajate etendusest, kus l\u00e4bi huumori ja l\u00f5busate olukordade \u00f5piti nii m\u00f5ndagi kartuli kasvatamisest. Erinevate toredate tegelaste seas astus etenduses lavale ka tegelane Orashein, kellel olid kaasas kaks elusat tigu. Lapsed said teada, et Orashein v\u00f5tab kartulilt \u00e4ra toitained, vajaliku niiskuse, h\u00f5ivab kasvuruumi ja temast on v\u00e4ga keeruline vabaneda. Lastes suurt elevust tekitanud teod s\u00f6\u00f6vad aga kartuli taimi, mugulaid ning levitavad haigusi.<\/p>\n<p class=\"text-align-justify\">Kokkuv\u00f5ttes v\u00f5ib \u00f6elda, et projekt \u201eVahva kartul\u201c aitas arendada laste uurimisoskust, vaatlemisv\u00f5imet, hoolivust looduse vastu ning sidus loodus\u00f5ppe igap\u00e4evaelu ja toidukultuuriga. Lapsed m\u00f5istsid, kust toit tegelikult tuleb, ja kogesid r\u00f5\u00f5mu oma t\u00f6\u00f6 viljade korjamisest.<\/p>\n<p class=\"text-align-justify\">Projekti kogumaksumus oli kokku 1 290 eurot, rahastamine toimus Tallinna Keskkonna- ja Kommunaalameti poolt \u00f5ppeaedade taotlusvoorust.<\/p>\n<p class=\"text-align-justify\">Allikas: Tallinna Mutionu Lasteaed<\/p>\n","protected":false},"excerpt":{"rendered":"1.05.- 31.10.2025 viidi Mutionu lasteaias l\u00e4bi projekt \u201eVahva kartul\u201c, mille raames soetati r\u00fchmadele seemnekartulit, muld, spetsiaalsed kartulikasvatuse potid,&hellip;\n","protected":false},"author":2,"featured_media":50885,"comment_status":"","ping_status":"","sticky":false,"template":"","format":"standard","meta":{"footnotes":""},"categories":[12],"tags":[26,27,37,33,35,34,36,31,32,21,28,29,19,25,23,24,22,20,30],"class_list":{"0":"post-50884","1":"post","2":"type-post","3":"status-publish","4":"format-standard","5":"has-post-thumbnail","7":"category-eesti","8":"tag-breaking-news","9":"tag-breakingnews","10":"tag-ee","11":"tag-eesti","12":"tag-eesti-keel","13":"tag-estonia","14":"tag-estonian","15":"tag-featured-news","16":"tag-featurednews","17":"tag-headlines","18":"tag-latest-news","19":"tag-latestnews","20":"tag-news","21":"tag-populaarseimad-lood","22":"tag-top-stories","23":"tag-topstories","24":"tag-uldised-uudised","25":"tag-uudised","26":"tag-viimased-uudised"},"share_on_mastodon":{"url":"https:\/\/pubeurope.com\/@ee\/115615185346543165","error":""},"_links":{"self":[{"href":"https:\/\/www.europesays.com\/ee\/wp-json\/wp\/v2\/posts\/50884","targetHints":{"allow":["GET"]}}],"collection":[{"href":"https:\/\/www.europesays.com\/ee\/wp-json\/wp\/v2\/posts"}],"about":[{"href":"https:\/\/www.europesays.com\/ee\/wp-json\/wp\/v2\/types\/post"}],"author":[{"embeddable":true,"href":"https:\/\/www.europesays.com\/ee\/wp-json\/wp\/v2\/users\/2"}],"replies":[{"embeddable":true,"href":"https:\/\/www.europesays.com\/ee\/wp-json\/wp\/v2\/comments?post=50884"}],"version-history":[{"count":0,"href":"https:\/\/www.europesays.com\/ee\/wp-json\/wp\/v2\/posts\/50884\/revisions"}],"wp:featuredmedia":[{"embeddable":true,"href":"https:\/\/www.europesays.com\/ee\/wp-json\/wp\/v2\/media\/50885"}],"wp:attachment":[{"href":"https:\/\/www.europesays.com\/ee\/wp-json\/wp\/v2\/media?parent=50884"}],"wp:term":[{"taxonomy":"category","embeddable":true,"href":"https:\/\/www.europesays.com\/ee\/wp-json\/wp\/v2\/categories?post=50884"},{"taxonomy":"post_tag","embeddable":true,"href":"https:\/\/www.europesays.com\/ee\/wp-json\/wp\/v2\/tags?post=50884"}],"curies":[{"name":"wp","href":"https:\/\/api.w.org\/{rel}","templated":true}]}}