{"id":50886,"date":"2025-11-26T09:01:09","date_gmt":"2025-11-26T09:01:09","guid":{"rendered":"https:\/\/www.europesays.com\/ee\/50886\/"},"modified":"2025-11-26T09:01:09","modified_gmt":"2025-11-26T09:01:09","slug":"viljandi-haigla-saadab-osa-vana-maja-sisseseadest-ukrainasse","status":"publish","type":"post","link":"https:\/\/www.europesays.com\/ee\/50886\/","title":{"rendered":"Viljandi haigla saadab osa vana maja sisseseadest Ukrainasse"},"content":{"rendered":"<p>Palvega anda \u00fclej\u00e4\u00e4vat varustust Ternopilile p\u00f6\u00f6rdus haigla poole linnavalitsus. Haigla juhatuse esimees Priit Tampere, keda on Ukraina on abi eest juba riikliku m\u00e4rgiga t\u00e4nanud, pani kokku umbes rekakoormat\u00e4ie varustust, mida haiglal endal enam vaja pole, aga mis on veel t\u00e4iesti kasutusk\u00f5lblik.<\/p>\n<p>Sinna kuulub enam kui k\u00fcmme haiglavoodit, vanu monitore ja meditsiinitarvikuid. &#8220;K\u00f5ik need on meie haigla jaoks oma aja \u00e4ra elanud, aga neid asju v\u00f5ib veel m\u00f5nes teises kohas kasutada,&#8221; kinnitas Tampere.<\/p>\n","protected":false},"excerpt":{"rendered":"Palvega anda \u00fclej\u00e4\u00e4vat varustust Ternopilile p\u00f6\u00f6rdus haigla poole linnavalitsus. Haigla juhatuse esimees Priit Tampere, keda on Ukraina on&hellip;\n","protected":false},"author":2,"featured_media":50887,"comment_status":"","ping_status":"","sticky":false,"template":"","format":"standard","meta":{"footnotes":"","_share_on_mastodon":"0"},"categories":[5],"tags":[26,27,37,33,35,34,36,31,32,21,28,29,19,25,4458,1457,23,24,22,20,30,1782],"class_list":["post-50886","post","type-post","status-publish","format-standard","has-post-thumbnail","category-uldised-uudised","tag-breaking-news","tag-breakingnews","tag-ee","tag-eesti","tag-eesti-keel","tag-estonia","tag-estonian","tag-featured-news","tag-featurednews","tag-headlines","tag-latest-news","tag-latestnews","tag-news","tag-populaarseimad-lood","tag-priit-tampere","tag-tervikum","tag-top-stories","tag-topstories","tag-uldised-uudised","tag-uudised","tag-viimased-uudised","tag-viljandi-haigla"],"share_on_mastodon":{"url":"https:\/\/pubeurope.com\/@ee\/115615189106540410","error":""},"_links":{"self":[{"href":"https:\/\/www.europesays.com\/ee\/wp-json\/wp\/v2\/posts\/50886","targetHints":{"allow":["GET"]}}],"collection":[{"href":"https:\/\/www.europesays.com\/ee\/wp-json\/wp\/v2\/posts"}],"about":[{"href":"https:\/\/www.europesays.com\/ee\/wp-json\/wp\/v2\/types\/post"}],"author":[{"embeddable":true,"href":"https:\/\/www.europesays.com\/ee\/wp-json\/wp\/v2\/users\/2"}],"replies":[{"embeddable":true,"href":"https:\/\/www.europesays.com\/ee\/wp-json\/wp\/v2\/comments?post=50886"}],"version-history":[{"count":0,"href":"https:\/\/www.europesays.com\/ee\/wp-json\/wp\/v2\/posts\/50886\/revisions"}],"wp:featuredmedia":[{"embeddable":true,"href":"https:\/\/www.europesays.com\/ee\/wp-json\/wp\/v2\/media\/50887"}],"wp:attachment":[{"href":"https:\/\/www.europesays.com\/ee\/wp-json\/wp\/v2\/media?parent=50886"}],"wp:term":[{"taxonomy":"category","embeddable":true,"href":"https:\/\/www.europesays.com\/ee\/wp-json\/wp\/v2\/categories?post=50886"},{"taxonomy":"post_tag","embeddable":true,"href":"https:\/\/www.europesays.com\/ee\/wp-json\/wp\/v2\/tags?post=50886"}],"curies":[{"name":"wp","href":"https:\/\/api.w.org\/{rel}","templated":true}]}}