{"id":50961,"date":"2025-11-26T10:17:08","date_gmt":"2025-11-26T10:17:08","guid":{"rendered":"https:\/\/www.europesays.com\/ee\/50961\/"},"modified":"2025-11-26T10:17:08","modified_gmt":"2025-11-26T10:17:08","slug":"matti-maasikast-saab-ajutiselt-euroopa-valisteenistuse-peadirektori-asetaitja","status":"publish","type":"post","link":"https:\/\/www.europesays.com\/ee\/50961\/","title":{"rendered":"Matti Maasikast saab ajutiselt Euroopa v\u00e4listeenistuse peadirektori aset\u00e4itja"},"content":{"rendered":"<p>Politico kirjutab, et Maasikas polnud v\u00e4listeenistuse juhi Kaja Kallase esimene eelistus.<\/p>\n<p>Esialgu eeldati, et koht l\u00e4heb sakslasele Martin Selmayrile, kuid tema kandidatuurile oli vastuseis Euroopa Komisjoni k\u00f5rgematelt korrustelt.<\/p>\n<p>Maasikas saab v\u00e4listeenistuse peadirektori aset\u00e4itja kohta hoida ilmselt umbes pool aastat, kuni m\u00e4\u00e4ratakse uus alaline aset\u00e4itja. <\/p>\n<p>Maasikas on olnud varem Eesti saadik Euroopa Liidu juures ning oli t\u00e4iemahulise s\u00f5ja alguses ka Euroopa Liidu saadik Ukrainas. <\/p>\n<p>    Kuidas see lugu Sind end tundma pani?<br \/>\n        Saada<br \/>\n           <a href=\"https:\/\/www.delfi.ee\/artikkel\/120419709\/matti-maasikast-saab-ajutiselt-euroopa-valisteenistuse-peadirektori-asetaitja\/kommentaarid\" class=\"article-body-bottom__comment article-body-bottom__comment--write button button--primary button--size-auto\" rel=\"nofollow noopener\" target=\"_blank\"><br \/>\n        Kommenteeri<br \/>\n       <\/a> <a href=\"https:\/\/www.delfi.ee\/artikkel\/120419709\/matti-maasikast-saab-ajutiselt-euroopa-valisteenistuse-peadirektori-asetaitja\/kommentaarid\" class=\"article-body-bottom__comment article-body-bottom__comment--read button button--size-auto\" rel=\"nofollow noopener\" target=\"_blank\"><br \/>\n        Loe kommentaare (1) <\/a>  <\/p>\n","protected":false},"excerpt":{"rendered":"Politico kirjutab, et Maasikas polnud v\u00e4listeenistuse juhi Kaja Kallase esimene eelistus. Esialgu eeldati, et koht l\u00e4heb sakslasele Martin&hellip;\n","protected":false},"author":2,"featured_media":50962,"comment_status":"","ping_status":"","sticky":false,"template":"","format":"standard","meta":{"footnotes":""},"categories":[12],"tags":[26,27,37,33,35,34,36,590,31,32,21,28,29,25818,19,25,23,24,22,20,30],"class_list":{"0":"post-50961","1":"post","2":"type-post","3":"status-publish","4":"format-standard","5":"has-post-thumbnail","7":"category-eesti","8":"tag-breaking-news","9":"tag-breakingnews","10":"tag-ee","11":"tag-eesti","12":"tag-eesti-keel","13":"tag-estonia","14":"tag-estonian","15":"tag-euroopa-liit","16":"tag-featured-news","17":"tag-featurednews","18":"tag-headlines","19":"tag-latest-news","20":"tag-latestnews","21":"tag-matti-maasikas","22":"tag-news","23":"tag-populaarseimad-lood","24":"tag-top-stories","25":"tag-topstories","26":"tag-uldised-uudised","27":"tag-uudised","28":"tag-viimased-uudised"},"share_on_mastodon":{"url":"https:\/\/pubeurope.com\/@ee\/115615488111377893","error":""},"_links":{"self":[{"href":"https:\/\/www.europesays.com\/ee\/wp-json\/wp\/v2\/posts\/50961","targetHints":{"allow":["GET"]}}],"collection":[{"href":"https:\/\/www.europesays.com\/ee\/wp-json\/wp\/v2\/posts"}],"about":[{"href":"https:\/\/www.europesays.com\/ee\/wp-json\/wp\/v2\/types\/post"}],"author":[{"embeddable":true,"href":"https:\/\/www.europesays.com\/ee\/wp-json\/wp\/v2\/users\/2"}],"replies":[{"embeddable":true,"href":"https:\/\/www.europesays.com\/ee\/wp-json\/wp\/v2\/comments?post=50961"}],"version-history":[{"count":0,"href":"https:\/\/www.europesays.com\/ee\/wp-json\/wp\/v2\/posts\/50961\/revisions"}],"wp:featuredmedia":[{"embeddable":true,"href":"https:\/\/www.europesays.com\/ee\/wp-json\/wp\/v2\/media\/50962"}],"wp:attachment":[{"href":"https:\/\/www.europesays.com\/ee\/wp-json\/wp\/v2\/media?parent=50961"}],"wp:term":[{"taxonomy":"category","embeddable":true,"href":"https:\/\/www.europesays.com\/ee\/wp-json\/wp\/v2\/categories?post=50961"},{"taxonomy":"post_tag","embeddable":true,"href":"https:\/\/www.europesays.com\/ee\/wp-json\/wp\/v2\/tags?post=50961"}],"curies":[{"name":"wp","href":"https:\/\/api.w.org\/{rel}","templated":true}]}}