{"id":50999,"date":"2025-11-26T10:58:07","date_gmt":"2025-11-26T10:58:07","guid":{"rendered":"https:\/\/www.europesays.com\/ee\/50999\/"},"modified":"2025-11-26T10:58:07","modified_gmt":"2025-11-26T10:58:07","slug":"tartu-korvpallimeeskond-toi-testimisele-ameeriklasest-mangujuhi-2","status":"publish","type":"post","link":"https:\/\/www.europesays.com\/ee\/50999\/","title":{"rendered":"Tartu korvpallimeeskond t\u00f5i testimisele ameeriklasest m\u00e4ngujuhi"},"content":{"rendered":"<p>Bryce McBride on 25-aastane ja 187 sentimeetri pikkune m\u00e4ngujuht, kes m\u00f6\u00f6dunud hooajal ei m\u00e4nginud Eestist kaugel, vaid Leedu esiliiga v\u00f5istkonnas Perlas Vilkavi\u0161kis. Seal viskas ta keskmiselt 17,1 punkti ning kogus 2,7 lauapalli ja 2,8 s\u00f6\u00f6tu.<\/p>\n<p>Tartu meeskonna peatreener Aivar Kuusmaa selgitas juba hooaja alguses, et pingile j\u00e4etakse ruumi ning koht t\u00e4idetakse hooaja jooksul vastavalt vajadusele. N\u00fc\u00fcd s\u00f5nas ta, et tarvis on tagam\u00e4ngijat, kes suudab r\u00fcnnakul toime tulla vastase survega ning samas ka ise kaitses survestada. \u00abMcBride on selgelt skoorimisele orienteeritud kiire ja f\u00fc\u00fcsiline m\u00e4ngujuht. T\u00e4psema pildi saame ette juba testperioodil,\u00bb \u00fctles ta klubi vahendusel.<\/p>\n","protected":false},"excerpt":{"rendered":"Bryce McBride on 25-aastane ja 187 sentimeetri pikkune m\u00e4ngujuht, kes m\u00f6\u00f6dunud hooajal ei m\u00e4nginud Eestist kaugel, vaid Leedu&hellip;\n","protected":false},"author":2,"featured_media":50925,"comment_status":"","ping_status":"","sticky":false,"template":"","format":"standard","meta":{"footnotes":""},"categories":[18],"tags":[5630,25839,37,33,35,10345,34,36,1513,23534,25840,23535,159,158,25841,2379,8731],"class_list":{"0":"post-50999","1":"post","2":"type-post","3":"status-publish","4":"format-standard","5":"has-post-thumbnail","7":"category-sport","8":"tag-aivar-kuusmaa","9":"tag-bryce-mcbride","10":"tag-ee","11":"tag-eesti","12":"tag-eesti-keel","13":"tag-eesti-lati-liiga","14":"tag-estonia","15":"tag-estonian","16":"tag-korvpall","17":"tag-malcolm-alexander-bernard","18":"tag-mangujuht","19":"tag-rando-roos","20":"tag-sport","21":"tag-sports","22":"tag-tagamangija","23":"tag-tartu-ulikool-maks-moorits","24":"tag-testimine"},"share_on_mastodon":{"url":"https:\/\/pubeurope.com\/@ee\/115615649244380854","error":""},"_links":{"self":[{"href":"https:\/\/www.europesays.com\/ee\/wp-json\/wp\/v2\/posts\/50999","targetHints":{"allow":["GET"]}}],"collection":[{"href":"https:\/\/www.europesays.com\/ee\/wp-json\/wp\/v2\/posts"}],"about":[{"href":"https:\/\/www.europesays.com\/ee\/wp-json\/wp\/v2\/types\/post"}],"author":[{"embeddable":true,"href":"https:\/\/www.europesays.com\/ee\/wp-json\/wp\/v2\/users\/2"}],"replies":[{"embeddable":true,"href":"https:\/\/www.europesays.com\/ee\/wp-json\/wp\/v2\/comments?post=50999"}],"version-history":[{"count":0,"href":"https:\/\/www.europesays.com\/ee\/wp-json\/wp\/v2\/posts\/50999\/revisions"}],"wp:featuredmedia":[{"embeddable":true,"href":"https:\/\/www.europesays.com\/ee\/wp-json\/wp\/v2\/media\/50925"}],"wp:attachment":[{"href":"https:\/\/www.europesays.com\/ee\/wp-json\/wp\/v2\/media?parent=50999"}],"wp:term":[{"taxonomy":"category","embeddable":true,"href":"https:\/\/www.europesays.com\/ee\/wp-json\/wp\/v2\/categories?post=50999"},{"taxonomy":"post_tag","embeddable":true,"href":"https:\/\/www.europesays.com\/ee\/wp-json\/wp\/v2\/tags?post=50999"}],"curies":[{"name":"wp","href":"https:\/\/api.w.org\/{rel}","templated":true}]}}