{"id":51020,"date":"2025-11-26T11:21:18","date_gmt":"2025-11-26T11:21:18","guid":{"rendered":"https:\/\/www.europesays.com\/ee\/51020\/"},"modified":"2025-11-26T11:21:18","modified_gmt":"2025-11-26T11:21:18","slug":"esimesed-punkrid-paigaldatakse-juba-detsembris","status":"publish","type":"post","link":"https:\/\/www.europesays.com\/ee\/51020\/","title":{"rendered":"esimesed punkrid paigaldatakse juba detsembris"},"content":{"rendered":"<p>Eesti idapiirile kavandatud kaitserajatiste v\u00f6\u00f6ndi ehitamine on liikunud paberilt maastikule. Riigi kaitseinvesteeringute keskuse (RKIK) v\u00e4rskeima info kohaselt on esimesed konkreetsed sammud Eesti kaitsev\u00f5ime tugevdamiseks tehtud ja t\u00f6\u00f6 kogub hoogu.<\/p>\n<p>K\u00f5ige olulisema sammuna paigaldatakse juba t\u00e4navu detsembris esimesed viis punkrit kuuesajast kavandatust. RKIKi teatel on punkrite hange edukalt l\u00f5ppenud, v\u00f5itja valitud ning mooduleid hakatakse tarnima juba sel ja j\u00e4rgmisel kuul. Kaitsev\u00e4gi on punkrite t\u00e4psed asukohad strateegilisi kaalutlusi arvestades juba varem v\u00e4lja valinud.<\/p>\n","protected":false},"excerpt":{"rendered":"Eesti idapiirile kavandatud kaitserajatiste v\u00f6\u00f6ndi ehitamine on liikunud paberilt maastikule. Riigi kaitseinvesteeringute keskuse (RKIK) v\u00e4rskeima info kohaselt on&hellip;\n","protected":false},"author":2,"featured_media":51021,"comment_status":"","ping_status":"","sticky":false,"template":"","format":"standard","meta":{"footnotes":""},"categories":[14],"tags":[131,130,25923,37,33,25919,35,34,36,25924,25920,14037,111,25922,5360,25921],"class_list":{"0":"post-51020","1":"post","2":"type-post","3":"status-publish","4":"format-standard","5":"has-post-thumbnail","7":"category-ari","8":"tag-ari","9":"tag-business","10":"tag-draakonihambad","11":"tag-ee","12":"tag-eesti","13":"tag-eesti-idapiir","14":"tag-eesti-keel","15":"tag-estonia","16":"tag-estonian","17":"tag-idakilp","18":"tag-kaitsevoond","19":"tag-kaliningrad","20":"tag-poola","21":"tag-punkrid","22":"tag-rkik","23":"tag-tankitorjekraavid"},"share_on_mastodon":{"url":"https:\/\/pubeurope.com\/@ee\/115615739717210035","error":""},"_links":{"self":[{"href":"https:\/\/www.europesays.com\/ee\/wp-json\/wp\/v2\/posts\/51020","targetHints":{"allow":["GET"]}}],"collection":[{"href":"https:\/\/www.europesays.com\/ee\/wp-json\/wp\/v2\/posts"}],"about":[{"href":"https:\/\/www.europesays.com\/ee\/wp-json\/wp\/v2\/types\/post"}],"author":[{"embeddable":true,"href":"https:\/\/www.europesays.com\/ee\/wp-json\/wp\/v2\/users\/2"}],"replies":[{"embeddable":true,"href":"https:\/\/www.europesays.com\/ee\/wp-json\/wp\/v2\/comments?post=51020"}],"version-history":[{"count":0,"href":"https:\/\/www.europesays.com\/ee\/wp-json\/wp\/v2\/posts\/51020\/revisions"}],"wp:featuredmedia":[{"embeddable":true,"href":"https:\/\/www.europesays.com\/ee\/wp-json\/wp\/v2\/media\/51021"}],"wp:attachment":[{"href":"https:\/\/www.europesays.com\/ee\/wp-json\/wp\/v2\/media?parent=51020"}],"wp:term":[{"taxonomy":"category","embeddable":true,"href":"https:\/\/www.europesays.com\/ee\/wp-json\/wp\/v2\/categories?post=51020"},{"taxonomy":"post_tag","embeddable":true,"href":"https:\/\/www.europesays.com\/ee\/wp-json\/wp\/v2\/tags?post=51020"}],"curies":[{"name":"wp","href":"https:\/\/api.w.org\/{rel}","templated":true}]}}