{"id":51022,"date":"2025-11-26T11:22:07","date_gmt":"2025-11-26T11:22:07","guid":{"rendered":"https:\/\/www.europesays.com\/ee\/51022\/"},"modified":"2025-11-26T11:22:07","modified_gmt":"2025-11-26T11:22:07","slug":"video-%e2%9f%a9-hongkongis-lahvatas-leekidesse-mitu-korghoonet-on-hukkunuid","status":"publish","type":"post","link":"https:\/\/www.europesays.com\/ee\/51022\/","title":{"rendered":"VIDEO \u27e9 Hongkongis lahvatas leekidesse mitu k\u00f5rghoonet, on hukkunuid"},"content":{"rendered":"<p>P\u00f5leng tekkis piirkonna p\u00f5hjaosas Tai Po rajoonis kohaliku aja j\u00e4rgi enne kella 15 p\u00e4eval, teatasid Hongkongi ametiv\u00f5imud. Tegemist on 1984 korterist koosneva Wang Fuk Courti nimelise elamukompleksiga, mis koosneb kaheksast tornelamust, kus elab ligikaudu 4000 inimest, vahendas BBC.<\/p>\n<p>Laiema avalikkuseni j\u00f5udnud kaadritest oli n\u00e4ha, kuidas 31-korruselised tornelamud mattusid leekidesse ja piirkond oli kaetud paksu tossuga.<\/p>\n","protected":false},"excerpt":{"rendered":"P\u00f5leng tekkis piirkonna p\u00f5hjaosas Tai Po rajoonis kohaliku aja j\u00e4rgi enne kella 15 p\u00e4eval, teatasid Hongkongi ametiv\u00f5imud. Tegemist&hellip;\n","protected":false},"author":2,"featured_media":51023,"comment_status":"","ping_status":"","sticky":false,"template":"","format":"standard","meta":{"footnotes":""},"categories":[80],"tags":[26,27,37,33,35,34,36,31,32,21,4345,28,29,95,19,25,23,24,358,22,20,30,92,93,94],"class_list":{"0":"post-51022","1":"post","2":"type-post","3":"status-publish","4":"format-standard","5":"has-post-thumbnail","7":"category-maailm","8":"tag-breaking-news","9":"tag-breakingnews","10":"tag-ee","11":"tag-eesti","12":"tag-eesti-keel","13":"tag-estonia","14":"tag-estonian","15":"tag-featured-news","16":"tag-featurednews","17":"tag-headlines","18":"tag-hongkong","19":"tag-latest-news","20":"tag-latestnews","21":"tag-maailm","22":"tag-news","23":"tag-populaarseimad-lood","24":"tag-top-stories","25":"tag-topstories","26":"tag-tulekahju","27":"tag-uldised-uudised","28":"tag-uudised","29":"tag-viimased-uudised","30":"tag-world","31":"tag-world-news","32":"tag-worldnews"},"share_on_mastodon":{"url":"https:\/\/pubeurope.com\/@ee\/115615743965759319","error":""},"_links":{"self":[{"href":"https:\/\/www.europesays.com\/ee\/wp-json\/wp\/v2\/posts\/51022","targetHints":{"allow":["GET"]}}],"collection":[{"href":"https:\/\/www.europesays.com\/ee\/wp-json\/wp\/v2\/posts"}],"about":[{"href":"https:\/\/www.europesays.com\/ee\/wp-json\/wp\/v2\/types\/post"}],"author":[{"embeddable":true,"href":"https:\/\/www.europesays.com\/ee\/wp-json\/wp\/v2\/users\/2"}],"replies":[{"embeddable":true,"href":"https:\/\/www.europesays.com\/ee\/wp-json\/wp\/v2\/comments?post=51022"}],"version-history":[{"count":0,"href":"https:\/\/www.europesays.com\/ee\/wp-json\/wp\/v2\/posts\/51022\/revisions"}],"wp:featuredmedia":[{"embeddable":true,"href":"https:\/\/www.europesays.com\/ee\/wp-json\/wp\/v2\/media\/51023"}],"wp:attachment":[{"href":"https:\/\/www.europesays.com\/ee\/wp-json\/wp\/v2\/media?parent=51022"}],"wp:term":[{"taxonomy":"category","embeddable":true,"href":"https:\/\/www.europesays.com\/ee\/wp-json\/wp\/v2\/categories?post=51022"},{"taxonomy":"post_tag","embeddable":true,"href":"https:\/\/www.europesays.com\/ee\/wp-json\/wp\/v2\/tags?post=51022"}],"curies":[{"name":"wp","href":"https:\/\/api.w.org\/{rel}","templated":true}]}}