{"id":51034,"date":"2025-11-26T11:36:08","date_gmt":"2025-11-26T11:36:08","guid":{"rendered":"https:\/\/www.europesays.com\/ee\/51034\/"},"modified":"2025-11-26T11:36:08","modified_gmt":"2025-11-26T11:36:08","slug":"maiken-ma-ei-kahetse-et-oma-lauljakarjaari-lopetasin-ringvaade","status":"publish","type":"post","link":"https:\/\/www.europesays.com\/ee\/51034\/","title":{"rendered":"Maiken: ma ei kahetse, et oma lauljakarj\u00e4\u00e4ri l\u00f5petasin | Ringvaade"},"content":{"rendered":"<p>20 aastat tagasi WAF laulukooli loonud Maiken r\u00e4\u00e4kis &#8220;Ringvaates&#8221;, et kool l\u00e4ks kohe alguses nii suure hooga k\u00e4ima, et soololaulja karj\u00e4\u00e4r tuli k\u00f5rvale j\u00e4tta. Maikeni s\u00f5nul pole ta aga kunagi seda otsust kahetsenud.<\/p>\n<p>Maikeni lauljakarj\u00e4\u00e4r avalikkuse ees sai hoo sisse ETV saates &#8220;Kaks takti ette&#8221;.<\/p>\n<p>&#8220;Kui me Bert Pringiga Taanist tagasi tulime, tegime WAF laulukooli, mis l\u00e4ks plahvatuslikult h\u00e4sti k\u00e4ima, k\u00f5ik tahtsid j\u00e4rsku \u00f5ppima tulla, meil oli nii palju t\u00f6\u00f6d,&#8221; meenutas Maiken, miks ta \u00fchel hetkel lavalaudadelt \u00e4ra kadus.<\/p>\n<p>Maikeni s\u00f5nul pole ta hetkekski kahetsenud, et oma lauljakarj\u00e4\u00e4ri l\u00f5petas. &#8220;Pedagoogika, mis me \u00f5ppisime, on nii lahe ja annab nii palju kohest vastust. Sa annad inimesele konkreetsed vahendid ja need t\u00f6\u00f6tavad. Kogu aeg on \u00f5petajana saavutuse tunne, inimesed arenevad v\u00e4ga h\u00e4sti,&#8221; t\u00f5i Maiken v\u00e4lja.<\/p>\n<p>WAF kooli \u00f5petaja Bert Pringi s\u00f5nul on \u00f5petajal ikkagi v\u00e4ga hea aeg-ajalt ka ise laval k\u00e4ia, sest see hoiab vormis.<\/p>\n<p>&#8220;Aeg-ajalt siiski peab k\u00e4ima laval, sest siis sa koged ka ise, kui raske see on,&#8221; s\u00f5nas Maiken, kes astub lauljana \u00fcles WAF kooli s\u00fcnnip\u00e4eva kontsertidel. &#8220;Praegu harjutan laulmist iga p\u00e4ev.&#8221;<\/p>\n<p>Maiken t\u00f5i v\u00e4lja, et 20 aasta jooksul on elu l\u00e4inud kallimaks umbes 15 korda. &#8220;Huvikooli teenus ei olegi t\u00f5esti v\u00f5ib-olla k\u00e4ttesaadav k\u00f5igile, see ongi kallis, aga erinevad linnad natuke toetavad, on tegevustoetused. Kui meie kooli j\u00f5uab andekas laulja, kel pole rahalisi v\u00f5imalusi, meie ikka aitame. Kui keegi peaks raha p\u00e4rast laulmisest loobuma, neid juhtumeid on, et nad tulevad ja \u00fctlevad, et nad peavad raha puuduse p\u00e4rast l\u00f5petama, me sellep\u00e4rast ei lase kellelgi \u00e4ra minna,&#8221; nentis Maiken.<\/p>\n","protected":false},"excerpt":{"rendered":"20 aastat tagasi WAF laulukooli loonud Maiken r\u00e4\u00e4kis &#8220;Ringvaates&#8221;, et kool l\u00e4ks kohe alguses nii suure hooga k\u00e4ima,&hellip;\n","protected":false},"author":2,"featured_media":51035,"comment_status":"","ping_status":"","sticky":false,"template":"","format":"standard","meta":{"footnotes":""},"categories":[91],"tags":[25935,240,37,33,35,173,34,36,241,25934,140,17298],"class_list":{"0":"post-51034","1":"post","2":"type-post","3":"status-publish","4":"format-standard","5":"has-post-thumbnail","7":"category-kuulsused","8":"tag-bert-pringi","9":"tag-celebrities","10":"tag-ee","11":"tag-eesti","12":"tag-eesti-keel","13":"tag-entertainment","14":"tag-estonia","15":"tag-estonian","16":"tag-kuulsused","17":"tag-maiken","18":"tag-meelelahutus","19":"tag-waf-laulukool"},"share_on_mastodon":{"url":"https:\/\/pubeurope.com\/@ee\/115615798627898842","error":""},"_links":{"self":[{"href":"https:\/\/www.europesays.com\/ee\/wp-json\/wp\/v2\/posts\/51034","targetHints":{"allow":["GET"]}}],"collection":[{"href":"https:\/\/www.europesays.com\/ee\/wp-json\/wp\/v2\/posts"}],"about":[{"href":"https:\/\/www.europesays.com\/ee\/wp-json\/wp\/v2\/types\/post"}],"author":[{"embeddable":true,"href":"https:\/\/www.europesays.com\/ee\/wp-json\/wp\/v2\/users\/2"}],"replies":[{"embeddable":true,"href":"https:\/\/www.europesays.com\/ee\/wp-json\/wp\/v2\/comments?post=51034"}],"version-history":[{"count":0,"href":"https:\/\/www.europesays.com\/ee\/wp-json\/wp\/v2\/posts\/51034\/revisions"}],"wp:featuredmedia":[{"embeddable":true,"href":"https:\/\/www.europesays.com\/ee\/wp-json\/wp\/v2\/media\/51035"}],"wp:attachment":[{"href":"https:\/\/www.europesays.com\/ee\/wp-json\/wp\/v2\/media?parent=51034"}],"wp:term":[{"taxonomy":"category","embeddable":true,"href":"https:\/\/www.europesays.com\/ee\/wp-json\/wp\/v2\/categories?post=51034"},{"taxonomy":"post_tag","embeddable":true,"href":"https:\/\/www.europesays.com\/ee\/wp-json\/wp\/v2\/tags?post=51034"}],"curies":[{"name":"wp","href":"https:\/\/api.w.org\/{rel}","templated":true}]}}