{"id":51044,"date":"2025-11-26T11:45:08","date_gmt":"2025-11-26T11:45:08","guid":{"rendered":"https:\/\/www.europesays.com\/ee\/51044\/"},"modified":"2025-11-26T11:45:08","modified_gmt":"2025-11-26T11:45:08","slug":"parnu-uus-linnavoim-ei-pea-lahkuva-koalitsiooni-koostatud-eelarvet-moistlikuks","status":"publish","type":"post","link":"https:\/\/www.europesays.com\/ee\/51044\/","title":{"rendered":"P\u00e4rnu uus linnav\u00f5im ei pea lahkuva koalitsiooni koostatud eelarvet m\u00f5istlikuks"},"content":{"rendered":"<p>Viimaseid p\u00e4evi v\u00f5imul Reformierakonna, Isamaa ja valimisliidu P\u00e4rnu \u00dchendab koalitsioon saatis esmasp\u00e4eval volikogule j\u00e4rgmise aasta linnaeelarve eeln\u00f5u, mida hakkab aga anal\u00fc\u00fcsima uus volikogu.<\/p>\n<p>P\u00e4rnu linnapea Romek Kosenkranius selgitas, et seaduse j\u00e4rgi peab omavalitsus esitama volikogule j\u00e4rgmise aasta eelarve projekti enne 1. detsembrit. \u00abKuna valimistoimingute vaidluste t\u00f5ttu enne seda t\u00e4htaega uus linnavalitsus ametisse ei saa, on praeguse linnavalitsuse kohustus esitada j\u00e4rgmisele volikogule 2026. aasta P\u00e4rnu linnaeelarve projekt,\u00bb t\u00e4psustas ta.<\/p>\n","protected":false},"excerpt":{"rendered":"Viimaseid p\u00e4evi v\u00f5imul Reformierakonna, Isamaa ja valimisliidu P\u00e4rnu \u00dchendab koalitsioon saatis esmasp\u00e4eval volikogule j\u00e4rgmise aasta linnaeelarve eeln\u00f5u, mida&hellip;\n","protected":false},"author":2,"featured_media":51045,"comment_status":"","ping_status":"","sticky":false,"template":"","format":"standard","meta":{"footnotes":""},"categories":[12],"tags":[26,27,37,33,35,34,36,31,32,21,7987,28,29,25939,19,2369,13170,25,23,24,22,20,30,16513],"class_list":{"0":"post-51044","1":"post","2":"type-post","3":"status-publish","4":"format-standard","5":"has-post-thumbnail","7":"category-eesti","8":"tag-breaking-news","9":"tag-breakingnews","10":"tag-ee","11":"tag-eesti","12":"tag-eesti-keel","13":"tag-estonia","14":"tag-estonian","15":"tag-featured-news","16":"tag-featurednews","17":"tag-headlines","18":"tag-koalitsioon","19":"tag-latest-news","20":"tag-latestnews","21":"tag-linnaeelarve","22":"tag-news","23":"tag-parnu-linnavalitsus","24":"tag-parnu-linnavolikogu","25":"tag-populaarseimad-lood","26":"tag-top-stories","27":"tag-topstories","28":"tag-uldised-uudised","29":"tag-uudised","30":"tag-viimased-uudised","31":"tag-viisikliit"},"share_on_mastodon":{"url":"https:\/\/pubeurope.com\/@ee\/115615834145456451","error":""},"_links":{"self":[{"href":"https:\/\/www.europesays.com\/ee\/wp-json\/wp\/v2\/posts\/51044","targetHints":{"allow":["GET"]}}],"collection":[{"href":"https:\/\/www.europesays.com\/ee\/wp-json\/wp\/v2\/posts"}],"about":[{"href":"https:\/\/www.europesays.com\/ee\/wp-json\/wp\/v2\/types\/post"}],"author":[{"embeddable":true,"href":"https:\/\/www.europesays.com\/ee\/wp-json\/wp\/v2\/users\/2"}],"replies":[{"embeddable":true,"href":"https:\/\/www.europesays.com\/ee\/wp-json\/wp\/v2\/comments?post=51044"}],"version-history":[{"count":0,"href":"https:\/\/www.europesays.com\/ee\/wp-json\/wp\/v2\/posts\/51044\/revisions"}],"wp:featuredmedia":[{"embeddable":true,"href":"https:\/\/www.europesays.com\/ee\/wp-json\/wp\/v2\/media\/51045"}],"wp:attachment":[{"href":"https:\/\/www.europesays.com\/ee\/wp-json\/wp\/v2\/media?parent=51044"}],"wp:term":[{"taxonomy":"category","embeddable":true,"href":"https:\/\/www.europesays.com\/ee\/wp-json\/wp\/v2\/categories?post=51044"},{"taxonomy":"post_tag","embeddable":true,"href":"https:\/\/www.europesays.com\/ee\/wp-json\/wp\/v2\/tags?post=51044"}],"curies":[{"name":"wp","href":"https:\/\/api.w.org\/{rel}","templated":true}]}}