{"id":51046,"date":"2025-11-26T11:46:08","date_gmt":"2025-11-26T11:46:08","guid":{"rendered":"https:\/\/www.europesays.com\/ee\/51046\/"},"modified":"2025-11-26T11:46:08","modified_gmt":"2025-11-26T11:46:08","slug":"muba-direktori-lahkumisuudisele-eelnes-veel-uks-umbusalduse-avaldamine","status":"publish","type":"post","link":"https:\/\/www.europesays.com\/ee\/51046\/","title":{"rendered":"MUBA direktori lahkumisuudisele eelnes veel \u00fcks umbusalduse avaldamine"},"content":{"rendered":"<p>  <img decoding=\"async\" src=\"https:\/\/www.europesays.com\/ee\/wp-content\/uploads\/2025\/11\/a965f750-4dfd-11ed-9e65-6d59ae3ba41e.jpg\" loading=\"lazy\" alt=\"AITAB K\u00dcLL! Surve alla sattunud koolidirektor Timo Steiner teatas, et lahkub omal soovil ametist.\"\/> <\/p>\n<p>AITAB K\u00dcLL! Surve alla sattunud koolidirektor Timo Steiner teatas, et lahkub omal soovil ametist.<\/p>\n<p>FOTO:  Andres Putting | Delfi Meedia<\/p>\n<p>Tallinna Muusika- ja Balletikooli (MUBA) direktor <a rel=\"noopener nofollow\" target=\"_blank\" href=\"https:\/\/www.delfi.ee\/teema\/56502150\/timo-steiner\" tag-id=\"56502150\">Timo Steiner<\/a> teatas t\u00e4na, et lahkub enne j\u00f5ule ametist. Ta sattus avaliku surve alla paar n\u00e4dalat tagasi, kui Eesti Ekspress avaldas loo kooli haaranud pingetest. Muu hulgas podises seal suur t\u00f6\u00f6t\u00fcli: 59 kolleegi umbusaldasid klassikalise muusika \u00f5ppejuhti Reet K\u00e4\u00e4rikut.<\/p>\n","protected":false},"excerpt":{"rendered":"AITAB K\u00dcLL! Surve alla sattunud koolidirektor Timo Steiner teatas, et lahkub omal soovil ametist. FOTO: Andres Putting |&hellip;\n","protected":false},"author":2,"featured_media":51047,"comment_status":"","ping_status":"","sticky":false,"template":"","format":"standard","meta":{"footnotes":""},"categories":[5],"tags":[26,27,37,33,35,34,36,31,32,21,28,29,5220,19,25,20502,23,24,22,20,30],"class_list":{"0":"post-51046","1":"post","2":"type-post","3":"status-publish","4":"format-standard","5":"has-post-thumbnail","7":"category-uldised-uudised","8":"tag-breaking-news","9":"tag-breakingnews","10":"tag-ee","11":"tag-eesti","12":"tag-eesti-keel","13":"tag-estonia","14":"tag-estonian","15":"tag-featured-news","16":"tag-featurednews","17":"tag-headlines","18":"tag-latest-news","19":"tag-latestnews","20":"tag-muba","21":"tag-news","22":"tag-populaarseimad-lood","23":"tag-timo-steiner","24":"tag-top-stories","25":"tag-topstories","26":"tag-uldised-uudised","27":"tag-uudised","28":"tag-viimased-uudised"},"share_on_mastodon":{"url":"https:\/\/pubeurope.com\/@ee\/115615838080166393","error":""},"_links":{"self":[{"href":"https:\/\/www.europesays.com\/ee\/wp-json\/wp\/v2\/posts\/51046","targetHints":{"allow":["GET"]}}],"collection":[{"href":"https:\/\/www.europesays.com\/ee\/wp-json\/wp\/v2\/posts"}],"about":[{"href":"https:\/\/www.europesays.com\/ee\/wp-json\/wp\/v2\/types\/post"}],"author":[{"embeddable":true,"href":"https:\/\/www.europesays.com\/ee\/wp-json\/wp\/v2\/users\/2"}],"replies":[{"embeddable":true,"href":"https:\/\/www.europesays.com\/ee\/wp-json\/wp\/v2\/comments?post=51046"}],"version-history":[{"count":0,"href":"https:\/\/www.europesays.com\/ee\/wp-json\/wp\/v2\/posts\/51046\/revisions"}],"wp:featuredmedia":[{"embeddable":true,"href":"https:\/\/www.europesays.com\/ee\/wp-json\/wp\/v2\/media\/51047"}],"wp:attachment":[{"href":"https:\/\/www.europesays.com\/ee\/wp-json\/wp\/v2\/media?parent=51046"}],"wp:term":[{"taxonomy":"category","embeddable":true,"href":"https:\/\/www.europesays.com\/ee\/wp-json\/wp\/v2\/categories?post=51046"},{"taxonomy":"post_tag","embeddable":true,"href":"https:\/\/www.europesays.com\/ee\/wp-json\/wp\/v2\/tags?post=51046"}],"curies":[{"name":"wp","href":"https:\/\/api.w.org\/{rel}","templated":true}]}}