{"id":51050,"date":"2025-11-26T11:52:08","date_gmt":"2025-11-26T11:52:08","guid":{"rendered":"https:\/\/www.europesays.com\/ee\/51050\/"},"modified":"2025-11-26T11:52:08","modified_gmt":"2025-11-26T11:52:08","slug":"galerii-%e2%9f%a9-noored-soovivad-nii-lavale-kui-lava-taha-jarelkasv-kais-teatritooga-tutvumas","status":"publish","type":"post","link":"https:\/\/www.europesays.com\/ee\/51050\/","title":{"rendered":"GALERII \u27e9 Noored soovivad nii lavale kui lava taha \u2013 j\u00e4relkasv k\u00e4is teatrit\u00f6\u00f6ga tutvumas"},"content":{"rendered":"<p>Teisip\u00e4eva hommik Viljandi\u00a0Temufi teatris. Kell on 11 ja natuke peale, laval seisab sussides teatrijuht Peep Maasik\u00a0ning saali on kogunenud ka publik \u2013\u00a0\u200bteatrit\u00f6\u00f6ga\u00a0tutvuma tulnud Viljandi kutse\u00f5ppekeskuse ja Valgamaa Hargla kooli \u00f5pilased. K\u00e4imas on\u00a0L\u00f5una-Eesti kampaania &#8220;Kohtumiste kuu: noored ja t\u00f6\u00f6andjad&#8221;,\u00a0mille eesm\u00e4rk on tutvustada noortele kodukandi karj\u00e4\u00e4riv\u00f5imalusi.<\/p>\n","protected":false},"excerpt":{"rendered":"Teisip\u00e4eva hommik Viljandi\u00a0Temufi teatris. Kell on 11 ja natuke peale, laval seisab sussides teatrijuht Peep Maasik\u00a0ning saali on&hellip;\n","protected":false},"author":2,"featured_media":51051,"comment_status":"","ping_status":"","sticky":false,"template":"","format":"standard","meta":{"footnotes":""},"categories":[16],"tags":[37,33,35,173,34,36,140,1218,986],"class_list":{"0":"post-51050","1":"post","2":"type-post","3":"status-publish","4":"format-standard","5":"has-post-thumbnail","7":"category-meelelahutus","8":"tag-ee","9":"tag-eesti","10":"tag-eesti-keel","11":"tag-entertainment","12":"tag-estonia","13":"tag-estonian","14":"tag-meelelahutus","15":"tag-noored","16":"tag-viljandi"},"share_on_mastodon":{"url":"https:\/\/pubeurope.com\/@ee\/115615861542410624","error":""},"_links":{"self":[{"href":"https:\/\/www.europesays.com\/ee\/wp-json\/wp\/v2\/posts\/51050","targetHints":{"allow":["GET"]}}],"collection":[{"href":"https:\/\/www.europesays.com\/ee\/wp-json\/wp\/v2\/posts"}],"about":[{"href":"https:\/\/www.europesays.com\/ee\/wp-json\/wp\/v2\/types\/post"}],"author":[{"embeddable":true,"href":"https:\/\/www.europesays.com\/ee\/wp-json\/wp\/v2\/users\/2"}],"replies":[{"embeddable":true,"href":"https:\/\/www.europesays.com\/ee\/wp-json\/wp\/v2\/comments?post=51050"}],"version-history":[{"count":0,"href":"https:\/\/www.europesays.com\/ee\/wp-json\/wp\/v2\/posts\/51050\/revisions"}],"wp:featuredmedia":[{"embeddable":true,"href":"https:\/\/www.europesays.com\/ee\/wp-json\/wp\/v2\/media\/51051"}],"wp:attachment":[{"href":"https:\/\/www.europesays.com\/ee\/wp-json\/wp\/v2\/media?parent=51050"}],"wp:term":[{"taxonomy":"category","embeddable":true,"href":"https:\/\/www.europesays.com\/ee\/wp-json\/wp\/v2\/categories?post=51050"},{"taxonomy":"post_tag","embeddable":true,"href":"https:\/\/www.europesays.com\/ee\/wp-json\/wp\/v2\/tags?post=51050"}],"curies":[{"name":"wp","href":"https:\/\/api.w.org\/{rel}","templated":true}]}}