{"id":51052,"date":"2025-11-26T11:53:07","date_gmt":"2025-11-26T11:53:07","guid":{"rendered":"https:\/\/www.europesays.com\/ee\/51052\/"},"modified":"2025-11-26T11:53:07","modified_gmt":"2025-11-26T11:53:07","slug":"tamm-langes-uksikmangus-konkurentsist-aga-saab-voimaluse-revansiks-tennis","status":"publish","type":"post","link":"https:\/\/www.europesays.com\/ee\/51052\/","title":{"rendered":"Tamm langes \u00fcksikm\u00e4ngus konkurentsist, aga saab v\u00f5imaluse revan\u0161iks | Tennis"},"content":{"rendered":"<p>Eesti tennisist Kristjan Tamm osaleb sel n\u00e4dalal Vietnamis Phan Thiet&#8217;s toimuval ITF-i M15 kategooria turniiril, aga pidi \u00fcksikm\u00e4ngus taimaalase Pawit Sornlaksupi paremust tunnistama.<\/p>\n<p>Tamm (ATP 923.) l\u00e4ks Eesti aja j\u00e4rgi kolmap\u00e4eva varahommikul vastamisi maailma edetabelis 677. kohta hoidva Sornlaksupiga, kes sai turniiriks teise asetuse.<\/p>\n<p>Mehed vahetasid avasetis taimaalase juhtimisel geimiv\u00f5itusid kuni Tamm seisul 3:3 esimest korda murdis ja siis 6:3 v\u00f5idu vormistas. Eestlane saavutas teises setis lausa 4:1 edu, aga Sornlaksup kaevas august v\u00e4lja ning viis viie j\u00e4rjestikuse geimiv\u00f5iduga kohtumise otsustavasse setti. Tamm j\u00e4i seal 1:3 kaotusseisu ning enam viigini ei j\u00f5udnudki, Sornlaksup vormistas kahe ja poole tunniga 3:6, 6:4, 6:2 v\u00f5idu.<\/p>\n<p>Sornlaksup kohtub teises ringis taanlase Sebastian Grundtvig Jorgenseniga (ATP 1775.).<\/p>\n<p>Tamm j\u00e4tkab siiski paarism\u00e4nguturniiri, kus ta austraallase Chase Fergusoniga veerandfinaali p\u00e4\u00e4ses. Ta saab seal v\u00f5imaluse Sornlaksupilt revan\u0161i v\u00f5tta, tema partneriks kaasmaalane Thanapet Chanta.<\/p>\n","protected":false},"excerpt":{"rendered":"Eesti tennisist Kristjan Tamm osaleb sel n\u00e4dalal Vietnamis Phan Thiet&#8217;s toimuval ITF-i M15 kategooria turniiril, aga pidi \u00fcksikm\u00e4ngus&hellip;\n","protected":false},"author":2,"featured_media":51053,"comment_status":"","ping_status":"","sticky":false,"template":"","format":"standard","meta":{"footnotes":""},"categories":[18],"tags":[37,33,35,34,36,3423,159,158],"class_list":{"0":"post-51052","1":"post","2":"type-post","3":"status-publish","4":"format-standard","5":"has-post-thumbnail","7":"category-sport","8":"tag-ee","9":"tag-eesti","10":"tag-eesti-keel","11":"tag-estonia","12":"tag-estonian","13":"tag-kristjan-tamm","14":"tag-sport","15":"tag-sports"},"share_on_mastodon":{"url":"https:\/\/pubeurope.com\/@ee\/115615865550577091","error":""},"_links":{"self":[{"href":"https:\/\/www.europesays.com\/ee\/wp-json\/wp\/v2\/posts\/51052","targetHints":{"allow":["GET"]}}],"collection":[{"href":"https:\/\/www.europesays.com\/ee\/wp-json\/wp\/v2\/posts"}],"about":[{"href":"https:\/\/www.europesays.com\/ee\/wp-json\/wp\/v2\/types\/post"}],"author":[{"embeddable":true,"href":"https:\/\/www.europesays.com\/ee\/wp-json\/wp\/v2\/users\/2"}],"replies":[{"embeddable":true,"href":"https:\/\/www.europesays.com\/ee\/wp-json\/wp\/v2\/comments?post=51052"}],"version-history":[{"count":0,"href":"https:\/\/www.europesays.com\/ee\/wp-json\/wp\/v2\/posts\/51052\/revisions"}],"wp:featuredmedia":[{"embeddable":true,"href":"https:\/\/www.europesays.com\/ee\/wp-json\/wp\/v2\/media\/51053"}],"wp:attachment":[{"href":"https:\/\/www.europesays.com\/ee\/wp-json\/wp\/v2\/media?parent=51052"}],"wp:term":[{"taxonomy":"category","embeddable":true,"href":"https:\/\/www.europesays.com\/ee\/wp-json\/wp\/v2\/categories?post=51052"},{"taxonomy":"post_tag","embeddable":true,"href":"https:\/\/www.europesays.com\/ee\/wp-json\/wp\/v2\/tags?post=51052"}],"curies":[{"name":"wp","href":"https:\/\/api.w.org\/{rel}","templated":true}]}}