{"id":51054,"date":"2025-11-26T11:54:07","date_gmt":"2025-11-26T11:54:07","guid":{"rendered":"https:\/\/www.europesays.com\/ee\/51054\/"},"modified":"2025-11-26T11:54:07","modified_gmt":"2025-11-26T11:54:07","slug":"ametikooli-opetaja-heiko-kull-on-aasta-inseneeriaopetaja-nominent","status":"publish","type":"post","link":"https:\/\/www.europesays.com\/ee\/51054\/","title":{"rendered":"Ametikooli \u00f5petaja Heiko Kull on aasta inseneeria\u00f5petaja nominent"},"content":{"rendered":"<p>Ametikool teatab oma <a target=\"_blank\" rel=\"noopener noreferrer nofollow\" href=\"https:\/\/www.ametikool.ee\/et\/uudised\/heiko-kull-aasta-inseneeriaopetaja-nominent\">veebilehel<\/a>, et Heiko Kull on lisaks igap\u00e4evasele \u00f5ppet\u00f6\u00f6le ja kutsev\u00f5istlustel osalejate juhendamisele mitmek\u00fclgselt panustanud koost\u00f6\u00f6sse teiste kutsekoolide ja k\u00f5rgkoolidega, koolitanud kolleege, osaleb v\u00e4lisprojektides jpm.<\/p>\n<p>N\u00e4idetena v\u00f5ib v\u00e4lja tuua \u00fchise plaatimiskoolituse Kehtna kutsehariduskeskusega, 3D skaneerimise koolituse koos Saaremaa muuseumiga, maakonna \u00f5petajate AI \u00f5piringi juhtimise ning \u00f5ppematerjalide veebilehe <a target=\"_blank\" rel=\"noopener noreferrer nofollow\" href=\"https:\/\/www.ehitusest.com\/\">ehitusest.com<\/a><\/p>\n","protected":false},"excerpt":{"rendered":"Ametikool teatab oma veebilehel, et Heiko Kull on lisaks igap\u00e4evasele \u00f5ppet\u00f6\u00f6le ja kutsev\u00f5istlustel osalejate juhendamisele mitmek\u00fclgselt panustanud koost\u00f6\u00f6sse&hellip;\n","protected":false},"author":2,"featured_media":51055,"comment_status":"","ping_status":"","sticky":false,"template":"","format":"standard","meta":{"footnotes":""},"categories":[14],"tags":[25946,131,130,25945,37,33,35,34,36,25948,25947,25949,16818,25943,14652,25944,249],"class_list":{"0":"post-51054","1":"post","2":"type-post","3":"status-publish","4":"format-standard","5":"has-post-thumbnail","7":"category-ari","8":"tag-ai-opiring","9":"tag-ari","10":"tag-business","11":"tag-eduard-brindfeldt","12":"tag-ee","13":"tag-eesti","14":"tag-eesti-keel","15":"tag-estonia","16":"tag-estonian","17":"tag-heiko-kull","18":"tag-helen-truska","19":"tag-inseneeria-tanusundmus","20":"tag-kandidaat","21":"tag-kehtna-kutsehariduskeskus","22":"tag-saaremaa-muuseum","23":"tag-signe-joesaar","24":"tag-tartu"},"share_on_mastodon":{"url":"https:\/\/pubeurope.com\/@ee\/115615869521052601","error":""},"_links":{"self":[{"href":"https:\/\/www.europesays.com\/ee\/wp-json\/wp\/v2\/posts\/51054","targetHints":{"allow":["GET"]}}],"collection":[{"href":"https:\/\/www.europesays.com\/ee\/wp-json\/wp\/v2\/posts"}],"about":[{"href":"https:\/\/www.europesays.com\/ee\/wp-json\/wp\/v2\/types\/post"}],"author":[{"embeddable":true,"href":"https:\/\/www.europesays.com\/ee\/wp-json\/wp\/v2\/users\/2"}],"replies":[{"embeddable":true,"href":"https:\/\/www.europesays.com\/ee\/wp-json\/wp\/v2\/comments?post=51054"}],"version-history":[{"count":0,"href":"https:\/\/www.europesays.com\/ee\/wp-json\/wp\/v2\/posts\/51054\/revisions"}],"wp:featuredmedia":[{"embeddable":true,"href":"https:\/\/www.europesays.com\/ee\/wp-json\/wp\/v2\/media\/51055"}],"wp:attachment":[{"href":"https:\/\/www.europesays.com\/ee\/wp-json\/wp\/v2\/media?parent=51054"}],"wp:term":[{"taxonomy":"category","embeddable":true,"href":"https:\/\/www.europesays.com\/ee\/wp-json\/wp\/v2\/categories?post=51054"},{"taxonomy":"post_tag","embeddable":true,"href":"https:\/\/www.europesays.com\/ee\/wp-json\/wp\/v2\/tags?post=51054"}],"curies":[{"name":"wp","href":"https:\/\/api.w.org\/{rel}","templated":true}]}}