{"id":51066,"date":"2025-11-26T12:14:07","date_gmt":"2025-11-26T12:14:07","guid":{"rendered":"https:\/\/www.europesays.com\/ee\/51066\/"},"modified":"2025-11-26T12:14:07","modified_gmt":"2025-11-26T12:14:07","slug":"arvustus-%e2%9f%a9-mager-toestab-mina-olen-eesti-looduse-toeline-kuningas-postimees","status":"publish","type":"post","link":"https:\/\/www.europesays.com\/ee\/51066\/","title":{"rendered":"ARVUSTUS \u27e9 M\u00e4ger t\u00f5estab: mina olen Eesti looduse t\u00f5eline kuningas &#8211; Postimees"},"content":{"rendered":"<ol>\n<li><a href=\"https:\/\/news.google.com\/rss\/articles\/CBMiogFBVV95cUxQekVNMVNXcXZvSVlNY3E1azRqNlRiV1B4UGZrdGxwNEY4cGNlM1hRZGZ1MEhsbUxINEx4U2hWalNpdHVVYmpTa2FEMzBOZW9uVnFzRTNtb1VmX3NIWTBpQkFVNlQ0aHExblZoeFdZM252dDlwY21PT2lHR1dQYWZPT01acTV0cm5NdzhiUkM2a2NNM1I0eE1kQzVTbWNHRjBwelE?oc=5\" target=\"_blank\" rel=\"nofollow noopener\">ARVUSTUS \u27e9 M\u00e4ger t\u00f5estab: mina olen Eesti looduse t\u00f5eline kuningas<\/a>&nbsp;&nbsp;Postimees<\/li>\n<li><a href=\"https:\/\/news.google.com\/rss\/articles\/CBMiwgFBVV95cUxQc1NTM3V2LWpESUN3bUFvTGpLb0M0NUZIZVNXTWZ2QkRXQ3RMUl94cXRqaHJvaHR4TzhhSmUwWXZjZ1VhZlNWVTVjc0xPc0pGTTJHRzd5RUMzRXF3cUJuVWxWOE1NVE5teEoxUzdRdjR4ekEzQ3VhZkJfbDZzQ1RESkw2aVVlWEhOYUdHNHRlTDAzYmd2aldNb2I5TUxCMVE1YklSRnhXdlhubzBSQ2g5cVVfcVJwTFljb2tndjFVVExRQQ?oc=5\" target=\"_blank\" rel=\"nofollow noopener\">P\u00d6FF-i p\u00e4evik | &#8220;Kriimsilm, karuott ja rebane. M\u00e4rkmeid metsast&#8221; on armastuskiri Eesti loodusele<\/a>&nbsp;&nbsp;ERR<\/li>\n<li><a href=\"https:\/\/news.google.com\/rss\/articles\/CBMiX0FVX3lxTE5meVBxY0JmV3hRUnRiU1h0SlVDY3FWam5xWGp3Yzc5R3RqMjlnSXJWNG9VZUNyN3ZkS1RTQWZuVUNvOVR5c1owclB3ZXpxenNneE9sc3ppc1NNeWZ5OW93?oc=5\" target=\"_blank\" rel=\"nofollow noopener\">Loodus tuleb kinno k\u00e4tte<\/a>&nbsp;&nbsp;Kuulutaja<\/li>\n<li><a href=\"https:\/\/news.google.com\/rss\/articles\/CBMibEFVX3lxTE9Od0ZLbFFIR2cwVUFXM2YxZi1KZ3ZRSTlPV3dtZ1ItR3Bscm5mZWFRQlpxUURsQU9pbG8tOGhCSTJjcXA0QzZkWUdJSC13czhSQk9HVnprdnZILUhFVmJWSWNoSmpmZHpVeUVBNQ?oc=5\" target=\"_blank\" rel=\"nofollow noopener\">Kinodes saab n\u00e4ha Eesti metsaelust filmi<\/a>&nbsp;&nbsp;Eesti Jahimeeste Selts<\/li>\n<li><a href=\"https:\/\/news.google.com\/rss\/articles\/CBMitwFBVV95cUxQaDlPajdJdjZ4THFMWVNzUW5nZGp4MGx2UlNmMjdaaU00d1FrLThtLXpaUm54eTRhMzJERTR6cHVteW5RSU5JcGFzVVFmNFp1aExJT2l5OHVWam9iZWt1MEM4allmeUV5eHdQTEdjVE1KNUIwRkI1RjdrbjgzODlIQlVhNU1vb1VUNVlBODZSQzVEcWs2a3F0SFhoZmNMSk1GOF83ZlBIajg1VzBiZ3R5eHZJbVgzTlU?oc=5\" target=\"_blank\" rel=\"nofollow noopener\">Galerii: esilinastus loodusdokumentaal &#8220;Kriimsilm, karuott ja rebane. M\u00e4rkmeid metsast&#8221;<\/a>&nbsp;&nbsp;ERR<\/li>\n<\/ol>\n","protected":false},"excerpt":{"rendered":"ARVUSTUS \u27e9 M\u00e4ger t\u00f5estab: mina olen Eesti looduse t\u00f5eline kuningas&nbsp;&nbsp;Postimees P\u00d6FF-i p\u00e4evik | &#8220;Kriimsilm, karuott ja rebane. M\u00e4rkmeid&hellip;\n","protected":false},"author":2,"featured_media":51067,"comment_status":"","ping_status":"","sticky":false,"template":"","format":"standard","meta":{"footnotes":""},"categories":[16],"tags":[16549,37,33,35,173,34,36,25831,23079,140,25955,16548,3117],"class_list":{"0":"post-51066","1":"post","2":"type-post","3":"status-publish","4":"format-standard","5":"has-post-thumbnail","7":"category-meelelahutus","8":"tag-kriimsilm","9":"tag-ee","10":"tag-eesti","11":"tag-eesti-keel","12":"tag-entertainment","13":"tag-estonia","14":"tag-estonian","15":"tag-karuott-ja-rebane","16":"tag-loodusfilm","17":"tag-meelelahutus","18":"tag-remek-meel","19":"tag-riho-vastrik","20":"tag-valeri-stserbatoh"},"share_on_mastodon":{"url":"https:\/\/pubeurope.com\/@ee\/115615948201247139","error":""},"_links":{"self":[{"href":"https:\/\/www.europesays.com\/ee\/wp-json\/wp\/v2\/posts\/51066","targetHints":{"allow":["GET"]}}],"collection":[{"href":"https:\/\/www.europesays.com\/ee\/wp-json\/wp\/v2\/posts"}],"about":[{"href":"https:\/\/www.europesays.com\/ee\/wp-json\/wp\/v2\/types\/post"}],"author":[{"embeddable":true,"href":"https:\/\/www.europesays.com\/ee\/wp-json\/wp\/v2\/users\/2"}],"replies":[{"embeddable":true,"href":"https:\/\/www.europesays.com\/ee\/wp-json\/wp\/v2\/comments?post=51066"}],"version-history":[{"count":0,"href":"https:\/\/www.europesays.com\/ee\/wp-json\/wp\/v2\/posts\/51066\/revisions"}],"wp:featuredmedia":[{"embeddable":true,"href":"https:\/\/www.europesays.com\/ee\/wp-json\/wp\/v2\/media\/51067"}],"wp:attachment":[{"href":"https:\/\/www.europesays.com\/ee\/wp-json\/wp\/v2\/media?parent=51066"}],"wp:term":[{"taxonomy":"category","embeddable":true,"href":"https:\/\/www.europesays.com\/ee\/wp-json\/wp\/v2\/categories?post=51066"},{"taxonomy":"post_tag","embeddable":true,"href":"https:\/\/www.europesays.com\/ee\/wp-json\/wp\/v2\/tags?post=51066"}],"curies":[{"name":"wp","href":"https:\/\/api.w.org\/{rel}","templated":true}]}}