{"id":51070,"date":"2025-11-26T12:16:16","date_gmt":"2025-11-26T12:16:16","guid":{"rendered":"https:\/\/www.europesays.com\/ee\/51070\/"},"modified":"2025-11-26T12:16:16","modified_gmt":"2025-11-26T12:16:16","slug":"elo-nomm-%e2%9f%a9-seiklused-ja-eneseareng-minu-tee-saaremaalt-ameerikasse","status":"publish","type":"post","link":"https:\/\/www.europesays.com\/ee\/51070\/","title":{"rendered":"ELO N\u00d5MM \u27e9 Seiklused ja eneseareng \u2013 minu tee Saaremaalt Ameerikasse"},"content":{"rendered":"<p>Juba enne Iirimaale minekut teadsin, et soovin j\u00e4tkata \u00f5pinguid Eesti mereakadeemias merenduse ja sadamat\u00f6\u00f6 erialal. Mind paelus selle valdkonna s\u00fcsteemsus, logistika ning muidugi ka mere l\u00e4hedus. \u00d5pingute ajal sattus mul \u00fchikas naabriks olema tudeng, kes tegeles Soutwestern Advantage\u00b4i suveprogrammiga, mille raames tudengid Ameerikas raamatuid m\u00fc\u00fcvad. Teadsin suveprogrammist p\u00f5gusalt juba g\u00fcmnaasiumiajal, aga alguses tundus see mulle t\u00e4iesti v\u00f5imatu \u2013 ukselt uksele m\u00fc\u00fck ei olnud miski, mida ma oleksin endale ette kujutanud. Kuid m\u00f5istes, et see pole lihtsalt m\u00fc\u00fcgiprogramm, vaid v\u00f5imalus ennast arendada, suhtlemisoskust lihvida ja oma piire proovile panna, otsustasin v\u00e4ljakutse vastu v\u00f5tta.<\/p>\n<p>Kui l\u00f5puks Ameerikasse j\u00f5udsin, tundus k\u00f5ik esialgu v\u00e4ga ebareaalne. Esimestele ustele koputades sain kiirelt aru, et mu eelnevad ettekujutused olid liiga optimistlikud \u2013 paljud ei soovinud mind isegi \u00e4ra kuulata. Olin alguses \u00fcsna ehmunud, kuid otsustasin s\u00fcsteemi usaldada ja j\u00e4rjepidevalt edasi tegutseda. Esimesed poolteist n\u00e4dalat m\u00f6\u00f6dusid t\u00e4iesti tulemusteta, kuid ma ei andnud alla. Suve l\u00f5puks kuulusin parimate m\u00fc\u00fcjate hulka ning teenisin v\u00e4lja ka auhinnareisi Egiptusesse.<\/p>\n<p>\u00dcks hetk, mis mulle eriliselt meelde j\u00e4i, oli minu esimene klient. Ma ei osanud oodata, et ta midagi ostaks \u2013 tal polnud isegi lapsi! Kuid ta soovis raamatuid sugulasele kingituseks. See kogemus \u00f5petas mulle, et eelarvamused v\u00f5ivad olla ekslikud ja et edu peitub sageli ootamatutes kohtades. Samuti kohtasin suve jooksul palju toredaid peresid, n\u00e4iteks perekond Rodriguez, kes mind nii soojalt vastu v\u00f5ttis ja uksepealt kohe \u00f5htus\u00f6\u00f6gilauda juhatas, et siis koos raamatutele pilk peale visata. Seal istudes ja pastat s\u00fc\u00fces tundsin, kui uskumatult \u00e4gedaid kogemusi elu v\u00f5ib pakkuda, kui lihtsalt julged v\u00f5imalusi vastu v\u00f5tta.<\/p>\n","protected":false},"excerpt":{"rendered":"Juba enne Iirimaale minekut teadsin, et soovin j\u00e4tkata \u00f5pinguid Eesti mereakadeemias merenduse ja sadamat\u00f6\u00f6 erialal. Mind paelus selle&hellip;\n","protected":false},"author":2,"featured_media":51071,"comment_status":"","ping_status":"","sticky":false,"template":"","format":"standard","meta":{"footnotes":""},"categories":[14],"tags":[587,131,130,37,33,35,34,36,8825,25957,25958,948],"class_list":{"0":"post-51070","1":"post","2":"type-post","3":"status-publish","4":"format-standard","5":"has-post-thumbnail","7":"category-ari","8":"tag-ameerika-uhendriigid","9":"tag-ari","10":"tag-business","11":"tag-ee","12":"tag-eesti","13":"tag-eesti-keel","14":"tag-estonia","15":"tag-estonian","16":"tag-iirimaa","17":"tag-mereakadeemia","18":"tag-raamatumuuja","19":"tag-saaremaa"},"share_on_mastodon":{"url":"https:\/\/pubeurope.com\/@ee\/115615955893894836","error":""},"_links":{"self":[{"href":"https:\/\/www.europesays.com\/ee\/wp-json\/wp\/v2\/posts\/51070","targetHints":{"allow":["GET"]}}],"collection":[{"href":"https:\/\/www.europesays.com\/ee\/wp-json\/wp\/v2\/posts"}],"about":[{"href":"https:\/\/www.europesays.com\/ee\/wp-json\/wp\/v2\/types\/post"}],"author":[{"embeddable":true,"href":"https:\/\/www.europesays.com\/ee\/wp-json\/wp\/v2\/users\/2"}],"replies":[{"embeddable":true,"href":"https:\/\/www.europesays.com\/ee\/wp-json\/wp\/v2\/comments?post=51070"}],"version-history":[{"count":0,"href":"https:\/\/www.europesays.com\/ee\/wp-json\/wp\/v2\/posts\/51070\/revisions"}],"wp:featuredmedia":[{"embeddable":true,"href":"https:\/\/www.europesays.com\/ee\/wp-json\/wp\/v2\/media\/51071"}],"wp:attachment":[{"href":"https:\/\/www.europesays.com\/ee\/wp-json\/wp\/v2\/media?parent=51070"}],"wp:term":[{"taxonomy":"category","embeddable":true,"href":"https:\/\/www.europesays.com\/ee\/wp-json\/wp\/v2\/categories?post=51070"},{"taxonomy":"post_tag","embeddable":true,"href":"https:\/\/www.europesays.com\/ee\/wp-json\/wp\/v2\/tags?post=51070"}],"curies":[{"name":"wp","href":"https:\/\/api.w.org\/{rel}","templated":true}]}}