{"id":51074,"date":"2025-11-26T12:26:08","date_gmt":"2025-11-26T12:26:08","guid":{"rendered":"https:\/\/www.europesays.com\/ee\/51074\/"},"modified":"2025-11-26T12:26:08","modified_gmt":"2025-11-26T12:26:08","slug":"aigro-jai-faluni-mk-etapi-kvalifikatsioonis-napilt-esikumnest-valja","status":"publish","type":"post","link":"https:\/\/www.europesays.com\/ee\/51074\/","title":{"rendered":"Aigro j\u00e4i Faluni MK-etapi kvalifikatsioonis napilt esik\u00fcmnest v\u00e4lja"},"content":{"rendered":"<p>Teisip\u00e4eval normaalm\u00e4el 22. koha saanud Aigro teenis suure m\u00e4e kvalifikatsioonis 124,5-meetrise \u00f5hulennu eest 117,3 punkti ning jagas Stefan Kraftiga 11. kohta.<\/p>\n<p>Parimat minekut n\u00e4itas austerlane Stephan Embacher (131,0 m; 131,3 p), kellele j\u00e4rgnesid sloveen An\u017ee Lani\u0161ek (126,0 m; 128,1 p) ja jaapanlane Ryoyu Koboyashi (125,5 m; 126,5 p).<\/p>\n<p>L\u00f5ppv\u00f5istlusega tehakse algust kolmap\u00e4eval Eesti aja j\u00e4rgi kell 16.10. Delfi vahendab s\u00fcndmusi v\u00f5imalusel otseblogis.<\/p>\n<p>    Kuidas see lugu Sind end tundma pani?<br \/>\n        Saada<br \/>\n           <a href=\"https:\/\/sport.delfi.ee\/artikkel\/120419767\/aigro-jai-faluni-mk-etapi-kvalifikatsioonis-napilt-esikumnest-valja\/kommentaarid\" class=\"article-body-bottom__comment article-body-bottom__comment--write button button--primary button--size-auto\" rel=\"nofollow noopener\" target=\"_blank\"><br \/>\n        Kommenteeri<br \/>\n       <\/a> <a href=\"https:\/\/sport.delfi.ee\/artikkel\/120419767\/aigro-jai-faluni-mk-etapi-kvalifikatsioonis-napilt-esikumnest-valja\/kommentaarid\" class=\"article-body-bottom__comment article-body-bottom__comment--read button button--size-auto\" rel=\"nofollow noopener\" target=\"_blank\"><br \/>\n        Loe kommentaare (1) <\/a>  <\/p>\n","protected":false},"excerpt":{"rendered":"Teisip\u00e4eval normaalm\u00e4el 22. koha saanud Aigro teenis suure m\u00e4e kvalifikatsioonis 124,5-meetrise \u00f5hulennu eest 117,3 punkti ning jagas Stefan&hellip;\n","protected":false},"author":2,"featured_media":51075,"comment_status":"","ping_status":"","sticky":false,"template":"","format":"standard","meta":{"footnotes":""},"categories":[18],"tags":[1700,37,33,35,34,36,159,158],"class_list":{"0":"post-51074","1":"post","2":"type-post","3":"status-publish","4":"format-standard","5":"has-post-thumbnail","7":"category-sport","8":"tag-artti-aigro","9":"tag-ee","10":"tag-eesti","11":"tag-eesti-keel","12":"tag-estonia","13":"tag-estonian","14":"tag-sport","15":"tag-sports"},"share_on_mastodon":{"url":"https:\/\/pubeurope.com\/@ee\/115615995396209877","error":""},"_links":{"self":[{"href":"https:\/\/www.europesays.com\/ee\/wp-json\/wp\/v2\/posts\/51074","targetHints":{"allow":["GET"]}}],"collection":[{"href":"https:\/\/www.europesays.com\/ee\/wp-json\/wp\/v2\/posts"}],"about":[{"href":"https:\/\/www.europesays.com\/ee\/wp-json\/wp\/v2\/types\/post"}],"author":[{"embeddable":true,"href":"https:\/\/www.europesays.com\/ee\/wp-json\/wp\/v2\/users\/2"}],"replies":[{"embeddable":true,"href":"https:\/\/www.europesays.com\/ee\/wp-json\/wp\/v2\/comments?post=51074"}],"version-history":[{"count":0,"href":"https:\/\/www.europesays.com\/ee\/wp-json\/wp\/v2\/posts\/51074\/revisions"}],"wp:featuredmedia":[{"embeddable":true,"href":"https:\/\/www.europesays.com\/ee\/wp-json\/wp\/v2\/media\/51075"}],"wp:attachment":[{"href":"https:\/\/www.europesays.com\/ee\/wp-json\/wp\/v2\/media?parent=51074"}],"wp:term":[{"taxonomy":"category","embeddable":true,"href":"https:\/\/www.europesays.com\/ee\/wp-json\/wp\/v2\/categories?post=51074"},{"taxonomy":"post_tag","embeddable":true,"href":"https:\/\/www.europesays.com\/ee\/wp-json\/wp\/v2\/tags?post=51074"}],"curies":[{"name":"wp","href":"https:\/\/api.w.org\/{rel}","templated":true}]}}