{"id":51088,"date":"2025-11-26T12:41:10","date_gmt":"2025-11-26T12:41:10","guid":{"rendered":"https:\/\/www.europesays.com\/ee\/51088\/"},"modified":"2025-11-26T12:41:10","modified_gmt":"2025-11-26T12:41:10","slug":"ugala-muutub-laupaeval-laadaplatsiks","status":"publish","type":"post","link":"https:\/\/www.europesays.com\/ee\/51088\/","title":{"rendered":"Ugala muutub laup\u00e4eval laadaplatsiks"},"content":{"rendered":"<p>Teatri kommunikatsiooni- ja turundusjuht Annika Vihmann r\u00e4\u00e4kis, et sellisel kujul on laat esimest korda ning see sai alguse sellest, et ugalalased tundsid, et vajaksid kohta, kus omatehtud asju m\u00fc\u00fca v\u00f5i saata ringlusesse need, mida ise enam ei vaja.<\/p>\n<p>Ugala t\u00f6\u00f6tajad on otsustanud \u00fcle vaadata nii enda kui ka s\u00f5prade kapid ja laoriiulid, et anda p\u00f5nevatele leidudele uus elu. On asju, mis j\u00f5uavad laadal teisele ringile, aga ka t\u00f6\u00f6tajate enda valmistatud\u00a0kunstit\u00f6id, hoidiseid, k\u00fcpsetisi ja muud.<\/p>\n","protected":false},"excerpt":{"rendered":"Teatri kommunikatsiooni- ja turundusjuht Annika Vihmann r\u00e4\u00e4kis, et sellisel kujul on laat esimest korda ning see sai alguse&hellip;\n","protected":false},"author":2,"featured_media":51089,"comment_status":"","ping_status":"","sticky":false,"template":"","format":"standard","meta":{"footnotes":""},"categories":[5],"tags":[25965,26,27,37,33,35,34,36,31,32,21,25964,28,29,19,25,25963,23,24,196,22,20,30],"class_list":{"0":"post-51088","1":"post","2":"type-post","3":"status-publish","4":"format-standard","5":"has-post-thumbnail","7":"category-uldised-uudised","8":"tag-annika-vihmann","9":"tag-breaking-news","10":"tag-breakingnews","11":"tag-ee","12":"tag-eesti","13":"tag-eesti-keel","14":"tag-estonia","15":"tag-estonian","16":"tag-featured-news","17":"tag-featurednews","18":"tag-headlines","19":"tag-laat","20":"tag-latest-news","21":"tag-latestnews","22":"tag-news","23":"tag-populaarseimad-lood","24":"tag-taika","25":"tag-top-stories","26":"tag-topstories","27":"tag-ugala","28":"tag-uldised-uudised","29":"tag-uudised","30":"tag-viimased-uudised"},"share_on_mastodon":{"url":"https:\/\/pubeurope.com\/@ee\/115616054176734324","error":""},"_links":{"self":[{"href":"https:\/\/www.europesays.com\/ee\/wp-json\/wp\/v2\/posts\/51088","targetHints":{"allow":["GET"]}}],"collection":[{"href":"https:\/\/www.europesays.com\/ee\/wp-json\/wp\/v2\/posts"}],"about":[{"href":"https:\/\/www.europesays.com\/ee\/wp-json\/wp\/v2\/types\/post"}],"author":[{"embeddable":true,"href":"https:\/\/www.europesays.com\/ee\/wp-json\/wp\/v2\/users\/2"}],"replies":[{"embeddable":true,"href":"https:\/\/www.europesays.com\/ee\/wp-json\/wp\/v2\/comments?post=51088"}],"version-history":[{"count":0,"href":"https:\/\/www.europesays.com\/ee\/wp-json\/wp\/v2\/posts\/51088\/revisions"}],"wp:featuredmedia":[{"embeddable":true,"href":"https:\/\/www.europesays.com\/ee\/wp-json\/wp\/v2\/media\/51089"}],"wp:attachment":[{"href":"https:\/\/www.europesays.com\/ee\/wp-json\/wp\/v2\/media?parent=51088"}],"wp:term":[{"taxonomy":"category","embeddable":true,"href":"https:\/\/www.europesays.com\/ee\/wp-json\/wp\/v2\/categories?post=51088"},{"taxonomy":"post_tag","embeddable":true,"href":"https:\/\/www.europesays.com\/ee\/wp-json\/wp\/v2\/tags?post=51088"}],"curies":[{"name":"wp","href":"https:\/\/api.w.org\/{rel}","templated":true}]}}