{"id":51093,"date":"2025-11-26T12:50:13","date_gmt":"2025-11-26T12:50:13","guid":{"rendered":"https:\/\/www.europesays.com\/ee\/51093\/"},"modified":"2025-11-26T12:50:13","modified_gmt":"2025-11-26T12:50:13","slug":"reuters-usa-ukraina-rahuplaan-lahtus-vene-dokumendist","status":"publish","type":"post","link":"https:\/\/www.europesays.com\/ee\/51093\/","title":{"rendered":"Reuters: USA Ukraina rahuplaan l\u00e4htus Vene dokumendist"},"content":{"rendered":"<p>Venelased jagasid seda dokumenti, milles esitati <a rel=\"noopener nofollow\" target=\"_blank\" href=\"https:\/\/www.delfi.ee\/teema\/22871535\/moskva\" tag-id=\"22871535\">Moskva<\/a> tingimused s\u00f5ja l\u00f5petamiseks, USA k\u00f5rgetasemeliste ametnikega oktoobri keskel p\u00e4rast Trumpi ja Ukraina presidendi <a rel=\"noopener nofollow\" target=\"_blank\" href=\"https:\/\/www.delfi.ee\/teema\/85745477\/volodomor-zelenskoi\" tag-id=\"85745477\">Volod\u00f5m\u00f5r Zelensk\u00f5i<\/a> kohtumist <a rel=\"noopener nofollow\" target=\"_blank\" href=\"https:\/\/www.delfi.ee\/teema\/82789297\/washington\" tag-id=\"82789297\">Washingtonis<\/a>, teatasid Reutersi allikad.<\/p>\n<p>Mitteametlik dokument, mida diplomaatilises inglise keeles nimetatakse non-paper\u2019iks, sisaldas sama keelekasutust, mida <a rel=\"noopener nofollow\" target=\"_blank\" href=\"https:\/\/www.delfi.ee\/teema\/3\/venemaa\" tag-id=\"3\">Venemaa<\/a> esindajad on varem kasutanud l\u00e4bir\u00e4\u00e4kimiste lauas, sealhulgas j\u00e4releandmisi, mille Ukraina on tagasi l\u00fckanud, n\u00e4iteks territooriumide loovutamist.<\/p>\n<p>Reuters kirjutab, et ei ole selge, miks ja kuidas hakkas Trumpi administratsioon oma rahuplaani kujundades toetuma Venemaa dokumendile. M\u00f5ned USA ametnikud, kes sellega tutvusid, sealhulgas v\u00e4lisminister <a rel=\"noopener nofollow\" target=\"_blank\" href=\"https:\/\/www.delfi.ee\/teema\/72601915\/marco-rubio\" tag-id=\"72601915\">Marco Rubio<\/a>, arvasid, et ukrainlased l\u00fckkavad Moskva n\u00f5udmised kohe tagasi, teatasid allikad.<\/p>\n<p>P\u00e4rast dokumendi saamist toimus Rubio ja Venemaa v\u00e4lisministri <a rel=\"noopener nofollow\" target=\"_blank\" href=\"https:\/\/www.delfi.ee\/teema\/56498000\/sergei-lavrov\" tag-id=\"56498000\">Sergei Lavrovi<\/a> telefonivestlus, mille k\u00e4igus allikate s\u00f5nul seda arutati.<\/p>\n<p>Sel n\u00e4dalal <a rel=\"noopener nofollow\" target=\"_blank\" href=\"https:\/\/www.delfi.ee\/teema\/25174445\/genf\" tag-id=\"25174445\">Genfis<\/a> tunnistas Rubio ajakirjanikele, et on saanud \u201emitmeid kirjalikke non-paper\u2019eid ja sedalaadi asju\u201c.<\/p>\n<p>P\u00e4rast seda, kui Axios eelmisel n\u00e4dalal rahuplaani paljastas, on Reutersi teatel USA ametnike ja kongressi liikmete hulgas kasvanud skeptilisus, sest paljud peavad seda Venemaa seisukohtade loeteluks, mitte t\u00f5siseks ettepanekuks.<\/p>\n<p>Eile kirjutas Bloomberg, kuidas Witkoff andis Putini abile <a rel=\"noopener nofollow\" target=\"_blank\" href=\"https:\/\/www.delfi.ee\/teema\/96869656\/juri-usakov\" tag-id=\"96869656\">Juri U\u0161akovile<\/a> n\u00f5u, kuidas Putin peaks Trumpiga r\u00e4\u00e4kima. Witkoff ja U\u0161akov arutasid Bloombergi andmetel v\u00f5imalikku \u201e20-punktilist plaani\u201c juba 14. oktoobril.<\/p>\n<p>28-punktiline plaan tekitas kolmel kontinendil aktiivse diplomaatilise sagimise ja see on n\u00fc\u00fcdseks oluliselt muutunud. ABC Newsi andmetel on sellest \u00fcheksa punkti p\u00e4rast l\u00e4bir\u00e4\u00e4kimisi USA ja Ukraina ametnike vahel kadunud.<\/p>\n<p>Erakondade \u00fclene USA senaatorite grupp teatas laup\u00e4eval, et Rubio \u00fctles neile, et 28-punktiline plaan ei olnud USA plaan, vaid Venemaa soovide nimekiri, kuigi Valge Maja ja v\u00e4lisministeerium eitasid kategooriliselt, et Rubio on seda nii iseloomustanud.<\/p>\n<p>USA k\u00f5rgetasemeline delegatsioon, millesse kuulus ka Rubio, n\u00f5ustus seej\u00e4rel kohtumistel Genfis <a rel=\"noopener nofollow\" target=\"_blank\" href=\"https:\/\/www.delfi.ee\/teema\/25138591\/euroopa\" tag-id=\"25138591\">Euroopa<\/a> ja Ukraina ametnikega Venemaale k\u00f5ige kasulikumate plaani osade eemaldamise v\u00f5i muutmisega.<\/p>\n<p>USA armeeminister <a rel=\"noopener nofollow\" target=\"_blank\" href=\"https:\/\/www.delfi.ee\/teema\/96881525\/dan-driscoll\" tag-id=\"96881525\">Dan Driscoll<\/a> kohtub Araabia \u00dchendemiraatide pealinnas <a rel=\"noopener nofollow\" target=\"_blank\" href=\"https:\/\/www.delfi.ee\/teema\/24940649\/abu-dhabi\" tag-id=\"24940649\">Abu Dhabis<\/a> Vene delegatsiooniga. Emiraatides on ka Ukraina delegatsioon, et ameeriklastega kohtuda, teatas \u00fcks USA ametnik Reutersile.<\/p>\n<p>Eile teatasid Ukraina esindajad, et toetavad muudetud rahuplaani raamistikku, mis on viimaste l\u00e4bir\u00e4\u00e4kimiste j\u00e4rel tekkinud, aga r\u00f5hutasid, et k\u00f5ige tundlikumad k\u00fcsimused tuleb fikseerida Zelensk\u00f5i ja Trumpi kohtumisel.<\/p>\n<p>Trump teatas aga eile, et kohtub Zelensk\u00f5i ja Putiniga ainult siis, kui kokkulepe on valmis v\u00f5i l\u00f5ppj\u00e4rgus.<\/p>\n<p>    Kuidas see lugu Sind end tundma pani?<br \/>\n        Saada<br \/>\n           <a href=\"https:\/\/www.delfi.ee\/artikkel\/120419688\/reuters-usa-ukraina-rahuplaan-lahtus-vene-dokumendist\/kommentaarid\" class=\"article-body-bottom__comment article-body-bottom__comment--write button button--primary button--size-auto\" rel=\"nofollow noopener\" target=\"_blank\"><br \/>\n        Kommenteeri<br \/>\n       <\/a> <a href=\"https:\/\/www.delfi.ee\/artikkel\/120419688\/reuters-usa-ukraina-rahuplaan-lahtus-vene-dokumendist\/kommentaarid\" class=\"article-body-bottom__comment article-body-bottom__comment--read button button--size-auto\" rel=\"nofollow noopener\" target=\"_blank\"><br \/>\n        Loe kommentaare (23) <\/a>  <\/p>\n","protected":false},"excerpt":{"rendered":"Venelased jagasid seda dokumenti, milles esitati Moskva tingimused s\u00f5ja l\u00f5petamiseks, USA k\u00f5rgetasemeliste ametnikega oktoobri keskel p\u00e4rast Trumpi ja&hellip;\n","protected":false},"author":2,"featured_media":51094,"comment_status":"","ping_status":"","sticky":false,"template":"","format":"standard","meta":{"footnotes":""},"categories":[80],"tags":[23759,13378,26,27,25387,324,37,33,35,34,36,112,31,32,16034,21,8831,12329,12648,28,29,95,1894,9156,108,19,25,3795,107,8832,23,24,262,22,325,20,1177,96,30,661,263,2405,92,93,94],"class_list":{"0":"post-51093","1":"post","2":"type-post","3":"status-publish","4":"format-standard","5":"has-post-thumbnail","7":"category-maailm","8":"tag-abu-dhabi","9":"tag-araabia-uhendemiraadid","10":"tag-breaking-news","11":"tag-breakingnews","12":"tag-dan-driscoll","13":"tag-donald-trump","14":"tag-ee","15":"tag-eesti","16":"tag-eesti-keel","17":"tag-estonia","18":"tag-estonian","19":"tag-euroopa","20":"tag-featured-news","21":"tag-featurednews","22":"tag-genf","23":"tag-headlines","24":"tag-jared-kushner","25":"tag-juri-usakov","26":"tag-kirill-dmitrijev","27":"tag-latest-news","28":"tag-latestnews","29":"tag-maailm","30":"tag-marco-rubio","31":"tag-miami","32":"tag-moskva","33":"tag-news","34":"tag-populaarseimad-lood","35":"tag-sergei-lavrov","36":"tag-soda-ukrainas","37":"tag-steve-witkoff","38":"tag-top-stories","39":"tag-topstories","40":"tag-ukraina","41":"tag-uldised-uudised","42":"tag-usa","43":"tag-uudised","44":"tag-valge-maja-usa","45":"tag-venemaa","46":"tag-viimased-uudised","47":"tag-vladimir-putin","48":"tag-volodomor-zelenskoi","49":"tag-washington","50":"tag-world","51":"tag-world-news","52":"tag-worldnews"},"share_on_mastodon":{"url":"","error":"Validation failed: Text character limit of 500 exceeded"},"_links":{"self":[{"href":"https:\/\/www.europesays.com\/ee\/wp-json\/wp\/v2\/posts\/51093","targetHints":{"allow":["GET"]}}],"collection":[{"href":"https:\/\/www.europesays.com\/ee\/wp-json\/wp\/v2\/posts"}],"about":[{"href":"https:\/\/www.europesays.com\/ee\/wp-json\/wp\/v2\/types\/post"}],"author":[{"embeddable":true,"href":"https:\/\/www.europesays.com\/ee\/wp-json\/wp\/v2\/users\/2"}],"replies":[{"embeddable":true,"href":"https:\/\/www.europesays.com\/ee\/wp-json\/wp\/v2\/comments?post=51093"}],"version-history":[{"count":0,"href":"https:\/\/www.europesays.com\/ee\/wp-json\/wp\/v2\/posts\/51093\/revisions"}],"wp:featuredmedia":[{"embeddable":true,"href":"https:\/\/www.europesays.com\/ee\/wp-json\/wp\/v2\/media\/51094"}],"wp:attachment":[{"href":"https:\/\/www.europesays.com\/ee\/wp-json\/wp\/v2\/media?parent=51093"}],"wp:term":[{"taxonomy":"category","embeddable":true,"href":"https:\/\/www.europesays.com\/ee\/wp-json\/wp\/v2\/categories?post=51093"},{"taxonomy":"post_tag","embeddable":true,"href":"https:\/\/www.europesays.com\/ee\/wp-json\/wp\/v2\/tags?post=51093"}],"curies":[{"name":"wp","href":"https:\/\/api.w.org\/{rel}","templated":true}]}}