{"id":51095,"date":"2025-11-26T12:51:12","date_gmt":"2025-11-26T12:51:12","guid":{"rendered":"https:\/\/www.europesays.com\/ee\/51095\/"},"modified":"2025-11-26T12:51:12","modified_gmt":"2025-11-26T12:51:12","slug":"fotod-usa-uus-suursaadik-roman-pipko-saabus-eestisse","status":"publish","type":"post","link":"https:\/\/www.europesays.com\/ee\/51095\/","title":{"rendered":"FOTOD | USA uus suursaadik Roman Pipko saabus Eestisse"},"content":{"rendered":"<p>President Karis r\u00f5hutas kohtumisel suursaadik Roman Pipkole Eesti ja Ameerika \u00dchendriikide h\u00e4id suhteid ja palus edastada tervitused Ameerika \u00dchendriikide riigipeale Donald Trumpile.<\/p>\n<p>Karis m\u00e4rkis, et Ameerika \u00dchendriikide kaitsev\u00e4elaste kohalolu on Balti piirkonna julgeolekus v\u00f5tmet\u00e4htsusega. \u201eAmeerika \u00dchendriikide v\u00e4gede kohalolu Baltimaades on t\u00f5siseltv\u00f5etav heidutus ja selge s\u00f5num k\u00f5igile, kes p\u00fc\u00fcavad piirkonna julgeolekut \u00f5\u00f5nestada,\u201c \u00fctles riigipea. Ta kinnitas, et Eesti tagab liitlas\u00fcksustele parimad v\u00f5imalikud tingimused ning meenutas oma kohtumisi Eestis teenivate USA \u00fcksustega, kes hindavad k\u00f5rgelt siinseid v\u00e4lja\u00f5ppev\u00f5imalusi.<\/p>\n<p>Veel k\u00e4sitlesid president Karis ja suursaadik Pipko Eesti ja Ameerika \u00dchendriikide laiemat koost\u00f6\u00f6d, NATO-t ja Euroopa julgeolekut. Igasugune rahu Ukrainas peab president Karise s\u00f5nul olema \u00f5iglane ja kestev.<\/p>\n<p>Pipko kohtus ka v\u00e4lisminister Margus Tsahknaga. Tutvumiskohtumisel arutati kahepoolseid suhteid ja edasist koost\u00f6\u00f6potentsiaali, Atlandi-\u00fclese julgeolekuga seotud k\u00fcsimusi ning \u00f5iglase ja p\u00fcsiva rahu saavutamist Ukrainas.<\/p>\n<p>\u201eEesti ja Ameerika \u00dchendriikide liitlas- ja s\u00f5prussuhe on pikaajaline ja seisab tugevatel alustel. Oleme t\u00e4nulikud USA panuse eest NATO idatiiva julgeoleku kindlustamisse, mida ilmestab v\u00e4gede roteeruv kohalolek Eestis,\u201c \u00fctles Tsahkna.<\/p>\n<p>\u201eAtlandi-\u00fclene koost\u00f6\u00f6 on aastak\u00fcmnete jooksul kindlustanud julgeolekut ja majanduslikku heaolu nii Euroopas kui Ameerika \u00dchendriikides ning j\u00e4tkame igap\u00e4evast t\u00f6\u00f6d liitlassuhte tugevdamise nimel,\u201c lisas v\u00e4lisminister.<\/p>\n<p>Arutades Venemaa agressiooni Ukraina vastu ja USA tegevust selle l\u00f5petamiseks, r\u00f5hutas Tsahkna, et Eesti toetab k\u00f5iki j\u00f5upingutusi \u00f5iglase ja p\u00fcsiva rahu saavutamiseks. \u201eRahu saab olema \u00f5iglane ja p\u00fcsiv siis, kui see tugineb rahvusvahelisele \u00f5igusele, esmajoones territoriaalse terviklikkuse ja suver\u00e4\u00e4nsuse p\u00f5him\u00f5tetele,\u201c \u00fctles ta.<\/p>\n<p>   <img decoding=\"async\" src=\"https:\/\/www.europesays.com\/ee\/wp-content\/uploads\/2025\/11\/1764161472_751_fdf3f670-b97c-492c-ad55-a25231c29137.jpg\" loading=\"lazy\" alt=\"Margus Tsahkna ja Roman Pipko\"\/>   <\/p>\n<p>Roman Pipko on Eestis s\u00fcndinud juudi p\u00e4ritolu jurist, kelle <a rel=\"noopener nofollow\" target=\"_blank\" href=\"https:\/\/www.delfi.ee\/teema\/22971743\/usa\" data-rel-date-range=\"[]\">USA<\/a> president <a rel=\"noopener nofollow\" target=\"_blank\" href=\"https:\/\/www.delfi.ee\/teema\/32758637\/donald-trump\" data-rel-date-range=\"[]\">Donald Trump<\/a> nomineeris jaanuaris USA suursaadikuks Eestis. Oktoobris kinnitas tema uue ametikoha USA senat. \u201eUSA saatkond Tallinnas ootab teid ja meie koost\u00f6\u00f6d USA presidendi tegevuskava elluviimisel, et muuta Ameerika turvalisemaks, tugevamaks ja j\u00f5ukamaks, kindlustades meie pikaajalist partnerlust ja liitu Eestiga,\u201c teatas saatkond oktoobris.<\/p>\n<p>Pipko \u00f5ppis <a rel=\"noopener nofollow\" target=\"_blank\" href=\"https:\/\/www.delfi.ee\/teema\/23303903\/tartu\" data-rel-date-range=\"[]\">Tartu<\/a> riikliku \u00fclikooli \u00f5igusteaduskonnas, kuid emigreerus koos emaga N\u00f5ukogude Liidust USA-sse. Tema \u00fclikooliaegne s\u00f5ber oli Ain Alvin. Ta iseloomustas Pipkot kui tublit \u00f5ppijat ja aktiivset inimest.<\/p>\n<p>Pipko on k\u00e4inud p\u00e4rast Eestist lahkumist kaks korda s\u00fcnnimaal \u00e4ri ajamas. Pipko tegevusega on seotud USA \u00e4rimees, poliitiline aktivist ning samuti juudirahvusest Ronald S. Lauder \u2013 tuntud kosmeetika-\u00e4rinaise Est\u00e9e Lauderi poeg, \u2013 keda on Eestis huvitanud Tallinna <a rel=\"noopener nofollow\" target=\"_blank\" href=\"https:\/\/www.delfi.ee\/teema\/30336491\/linnahall\" data-rel-date-range=\"[]\">linnahall<\/a> ja <a rel=\"noopener nofollow\" target=\"_blank\" href=\"https:\/\/www.delfi.ee\/teema\/46342957\/kunda\" data-rel-date-range=\"[]\">Kunda<\/a> tsemenditehas.<\/p>\n<p>1991. aastal k\u00e4is Lauder Eestis seoses Kunda tsemenditehase renoveerimisega ning temaga oli kaasas ka Pipko. 16 aastat tagasi naasis Pipko Eestisse taaskord Lauderiga, et renoveerida Tallinna linnahall. Projekt oli mahukas \u2013 \u00fcksnes linnahalli renoveerimine v\u00f5is maksma minna \u00fcle miljardi krooni ehk ligi 64 miljonit eurot. <a rel=\"noopener follow nofollow\" target=\"_blank\" href=\"https:\/\/www.delfi.ee\/artikkel\/120348265\/saage-tuttavaks-ulimojukas-mees-kellele-usa-uus-suursaadik-eestis-volgneb-oma-ameti\" data-rel-date-range=\"[]\">Samuti on Delfi kirjutanud Lauderi ja Trumpi seostest.<\/a><\/p>\n<p>    Kuidas see lugu Sind end tundma pani?<br \/>\n        Saada<br \/>\n           <a href=\"https:\/\/www.delfi.ee\/artikkel\/120419739\/fotod-usa-uus-suursaadik-roman-pipko-saabus-eestisse\/kommentaarid\" class=\"article-body-bottom__comment article-body-bottom__comment--write button button--primary button--size-auto\" rel=\"nofollow noopener\" target=\"_blank\"><br \/>\n        Kommenteeri<br \/>\n       <\/a> <a href=\"https:\/\/www.delfi.ee\/artikkel\/120419739\/fotod-usa-uus-suursaadik-roman-pipko-saabus-eestisse\/kommentaarid\" class=\"article-body-bottom__comment article-body-bottom__comment--read button button--size-auto\" rel=\"nofollow noopener\" target=\"_blank\"><br \/>\n        Loe kommentaare (34) <\/a>  <\/p>\n","protected":false},"excerpt":{"rendered":"President Karis r\u00f5hutas kohtumisel suursaadik Roman Pipkole Eesti ja Ameerika \u00dchendriikide h\u00e4id suhteid ja palus edastada tervitused Ameerika&hellip;\n","protected":false},"author":2,"featured_media":51096,"comment_status":"","ping_status":"","sticky":false,"template":"","format":"standard","meta":{"footnotes":""},"categories":[12],"tags":[687,679,667,26,27,673,688,663,662,37,33,35,684,683,692,34,36,31,32,208,148,21,206,668,669,381,686,677,694,691,339,680,28,29,671,672,377,690,144,678,665,19,693,676,666,25,322,664,150,695,685,159,394,682,674,675,23,24,689,222,22,20,670,681,149,30],"class_list":{"0":"post-51095","1":"post","2":"type-post","3":"status-publish","4":"format-standard","5":"has-post-thumbnail","7":"category-eesti","8":"tag-ajaviide","9":"tag-autoleht","10":"tag-blog","11":"tag-breaking-news","12":"tag-breakingnews","13":"tag-cv","14":"tag-date","15":"tag-defli","16":"tag-delfi","17":"tag-ee","18":"tag-eesti","19":"tag-eesti-keel","20":"tag-ekaart","21":"tag-email","22":"tag-erootika","23":"tag-estonia","24":"tag-estonian","25":"tag-featured-news","26":"tag-featurednews","27":"tag-film","28":"tag-foto","29":"tag-headlines","30":"tag-horoskoop","31":"tag-ilm","32":"tag-ilmaennustus","33":"tag-internet","34":"tag-kaart","35":"tag-kava","36":"tag-kindlustus","37":"tag-kinnisvara","38":"tag-kuulutused","39":"tag-lasteleht","40":"tag-latest-news","41":"tag-latestnews","42":"tag-loto","43":"tag-majandus","44":"tag-mangud","45":"tag-mobiil","46":"tag-muusika","47":"tag-naisteleht","48":"tag-naljad","49":"tag-news","50":"tag-otsing","51":"tag-pank","52":"tag-pilt","53":"tag-populaarseimad-lood","54":"tag-raadio","55":"tag-reklaam","56":"tag-seks","57":"tag-sms","58":"tag-solo","59":"tag-sport","60":"tag-tarkvara","61":"tag-tasuta","62":"tag-too","63":"tag-toopakkumised","64":"tag-top-stories","65":"tag-topstories","66":"tag-tutvus","67":"tag-tv","68":"tag-uldised-uudised","69":"tag-uudised","70":"tag-valimised","71":"tag-valuuta","72":"tag-video","73":"tag-viimased-uudised"},"share_on_mastodon":{"url":"","error":""},"_links":{"self":[{"href":"https:\/\/www.europesays.com\/ee\/wp-json\/wp\/v2\/posts\/51095","targetHints":{"allow":["GET"]}}],"collection":[{"href":"https:\/\/www.europesays.com\/ee\/wp-json\/wp\/v2\/posts"}],"about":[{"href":"https:\/\/www.europesays.com\/ee\/wp-json\/wp\/v2\/types\/post"}],"author":[{"embeddable":true,"href":"https:\/\/www.europesays.com\/ee\/wp-json\/wp\/v2\/users\/2"}],"replies":[{"embeddable":true,"href":"https:\/\/www.europesays.com\/ee\/wp-json\/wp\/v2\/comments?post=51095"}],"version-history":[{"count":0,"href":"https:\/\/www.europesays.com\/ee\/wp-json\/wp\/v2\/posts\/51095\/revisions"}],"wp:featuredmedia":[{"embeddable":true,"href":"https:\/\/www.europesays.com\/ee\/wp-json\/wp\/v2\/media\/51096"}],"wp:attachment":[{"href":"https:\/\/www.europesays.com\/ee\/wp-json\/wp\/v2\/media?parent=51095"}],"wp:term":[{"taxonomy":"category","embeddable":true,"href":"https:\/\/www.europesays.com\/ee\/wp-json\/wp\/v2\/categories?post=51095"},{"taxonomy":"post_tag","embeddable":true,"href":"https:\/\/www.europesays.com\/ee\/wp-json\/wp\/v2\/tags?post=51095"}],"curies":[{"name":"wp","href":"https:\/\/api.w.org\/{rel}","templated":true}]}}