{"id":51097,"date":"2025-11-26T12:52:10","date_gmt":"2025-11-26T12:52:10","guid":{"rendered":"https:\/\/www.europesays.com\/ee\/51097\/"},"modified":"2025-11-26T12:52:10","modified_gmt":"2025-11-26T12:52:10","slug":"video-hongkongi-tornelamukompleksis-mollab-tohutu-tulekahju-2","status":"publish","type":"post","link":"https:\/\/www.europesays.com\/ee\/51097\/","title":{"rendered":"VIDEO | Hongkongi tornelamukompleksis m\u00f6llab tohutu tulekahju"},"content":{"rendered":"<p>Hongkongi ringh\u00e4\u00e4ling RTHK teatas, et inimesi on p\u00f5levates k\u00f5rghoonetes l\u00f5ksus. M\u00f5nedel andmetel on neid 13. Kolm inimest on r\u00e4nkade p\u00f5letushaavadega kriitilises seisundis.<\/p>\n<p>31-korruseliste hoonete kustutamise k\u00e4igus on vigastada saanud ka tulet\u00f5rjujad. Hiljem teatati, et \u00fcks neist on hukkunute hulgas.<\/p>\n<p>Tulet\u00f5rje teatas, et sai v\u00e4ljakutse kohaliku aja j\u00e4rgi kell 14.51. Kell 15.34 anti p\u00f5lengule t\u00f5siduselt teine, neljas aste ja kell 18.22 k\u00f5rgeim, viies aste.<\/p>\n<p>Wang Fuk Court koosneb kaheksast k\u00f5rghoonest ja seal on ligi 2000 korterit ja 4600 elanikku. Mitme hoone \u00fcmber olid bambusest tellingud, sest neid renoveeriti.<\/p>\n<p>    Kuidas see lugu Sind end tundma pani?<br \/>\n        Saada<br \/>\n           <a href=\"https:\/\/www.delfi.ee\/artikkel\/120419742\/video-hongkongi-tornelamukompleksis-mollab-tohutu-tulekahju\/kommentaarid\" class=\"article-body-bottom__comment article-body-bottom__comment--write button button--primary button--size-auto\" rel=\"nofollow noopener\" target=\"_blank\"><br \/>\n        Kommenteeri<br \/>\n       <\/a> <a href=\"https:\/\/www.delfi.ee\/artikkel\/120419742\/video-hongkongi-tornelamukompleksis-mollab-tohutu-tulekahju\/kommentaarid\" class=\"article-body-bottom__comment article-body-bottom__comment--read button button--size-auto\" rel=\"nofollow noopener\" target=\"_blank\"><br \/>\n        Loe kommentaare (50) <\/a>  <\/p>\n","protected":false},"excerpt":{"rendered":"Hongkongi ringh\u00e4\u00e4ling RTHK teatas, et inimesi on p\u00f5levates k\u00f5rghoonetes l\u00f5ksus. M\u00f5nedel andmetel on neid 13. Kolm inimest on&hellip;\n","protected":false},"author":2,"featured_media":51057,"comment_status":"","ping_status":"","sticky":false,"template":"","format":"standard","meta":{"footnotes":""},"categories":[5],"tags":[26,27,37,33,35,34,36,31,32,21,4345,28,29,19,25,23,24,22,20,30],"class_list":{"0":"post-51097","1":"post","2":"type-post","3":"status-publish","4":"format-standard","5":"has-post-thumbnail","7":"category-uldised-uudised","8":"tag-breaking-news","9":"tag-breakingnews","10":"tag-ee","11":"tag-eesti","12":"tag-eesti-keel","13":"tag-estonia","14":"tag-estonian","15":"tag-featured-news","16":"tag-featurednews","17":"tag-headlines","18":"tag-hongkong","19":"tag-latest-news","20":"tag-latestnews","21":"tag-news","22":"tag-populaarseimad-lood","23":"tag-top-stories","24":"tag-topstories","25":"tag-uldised-uudised","26":"tag-uudised","27":"tag-viimased-uudised"},"share_on_mastodon":{"url":"https:\/\/pubeurope.com\/@ee\/115616097476775422","error":""},"_links":{"self":[{"href":"https:\/\/www.europesays.com\/ee\/wp-json\/wp\/v2\/posts\/51097","targetHints":{"allow":["GET"]}}],"collection":[{"href":"https:\/\/www.europesays.com\/ee\/wp-json\/wp\/v2\/posts"}],"about":[{"href":"https:\/\/www.europesays.com\/ee\/wp-json\/wp\/v2\/types\/post"}],"author":[{"embeddable":true,"href":"https:\/\/www.europesays.com\/ee\/wp-json\/wp\/v2\/users\/2"}],"replies":[{"embeddable":true,"href":"https:\/\/www.europesays.com\/ee\/wp-json\/wp\/v2\/comments?post=51097"}],"version-history":[{"count":0,"href":"https:\/\/www.europesays.com\/ee\/wp-json\/wp\/v2\/posts\/51097\/revisions"}],"wp:featuredmedia":[{"embeddable":true,"href":"https:\/\/www.europesays.com\/ee\/wp-json\/wp\/v2\/media\/51057"}],"wp:attachment":[{"href":"https:\/\/www.europesays.com\/ee\/wp-json\/wp\/v2\/media?parent=51097"}],"wp:term":[{"taxonomy":"category","embeddable":true,"href":"https:\/\/www.europesays.com\/ee\/wp-json\/wp\/v2\/categories?post=51097"},{"taxonomy":"post_tag","embeddable":true,"href":"https:\/\/www.europesays.com\/ee\/wp-json\/wp\/v2\/tags?post=51097"}],"curies":[{"name":"wp","href":"https:\/\/api.w.org\/{rel}","templated":true}]}}