{"id":5122,"date":"2025-09-26T06:30:14","date_gmt":"2025-09-26T06:30:14","guid":{"rendered":"https:\/\/www.europesays.com\/ee\/5122\/"},"modified":"2025-09-26T06:30:14","modified_gmt":"2025-09-26T06:30:14","slug":"varske-statistika-%e2%9f%a9-vaata-kui-palju-koduvisiite-tegid-mullu-arstid-oed-ja-ammaemandad","status":"publish","type":"post","link":"https:\/\/www.europesays.com\/ee\/5122\/","title":{"rendered":"V\u00c4RSKE STATISTIKA \u27e9 Vaata, kui palju koduvisiite tegid mullu arstid, \u00f5ed ja \u00e4mmaemandad"},"content":{"rendered":"<p>Ambulatoorse t\u00f6\u00f6 maht kasvas mullu eesk\u00e4tt \u00f5dedel \u2013 v\u00f5rreldes 2023. aastaga suurenes nende vastuv\u00f5ttude ja koduvisiitide koguarv seitse protsenti. Samal ajal v\u00e4henes arstide ja \u00e4mmaemandate vastuv\u00f5ttude ning koduvisiitide koguarv kahe protsendi v\u00f5rra. Hambaravi erialadel tehti vastuv\u00f5tte \u00fcks protsent rohkem kui aasta varem.<\/p>\n<p>Kokku registreeriti 2024. aastal 8,8 miljonit kontaktvastuv\u00f5ttu, j\u00e4\u00e4des eelmise aastaga samale tasemele. Kaugvastuv\u00f5tte tehti pisut rohkem: ligi 5,5 miljonit. Koduvisiite registreeriti 403 198, mis t\u00e4hendab k\u00fcmneprotsendilist kasvu v\u00f5rreldes 2023. aastaga.<\/p>\n","protected":false},"excerpt":{"rendered":"Ambulatoorse t\u00f6\u00f6 maht kasvas mullu eesk\u00e4tt \u00f5dedel \u2013 v\u00f5rreldes 2023. aastaga suurenes nende vastuv\u00f5ttude ja koduvisiitide koguarv seitse&hellip;\n","protected":false},"author":2,"featured_media":5123,"comment_status":"","ping_status":"","sticky":false,"template":"","format":"standard","meta":{"footnotes":"","_share_on_mastodon":"0"},"categories":[12],"tags":[4316,4315,26,27,37,33,35,34,36,31,32,3929,21,4317,567,28,29,19,577,25,23,24,22,20,30],"class_list":["post-5122","post","type-post","status-publish","format-standard","has-post-thumbnail","category-eesti","tag-ammaemand","tag-ammaemanda-koduvisiit","tag-breaking-news","tag-breakingnews","tag-ee","tag-eesti","tag-eesti-keel","tag-estonia","tag-estonian","tag-featured-news","tag-featurednews","tag-hambaarst","tag-headlines","tag-koduode","tag-koduvisiit","tag-latest-news","tag-latestnews","tag-news","tag-perearst","tag-populaarseimad-lood","tag-top-stories","tag-topstories","tag-uldised-uudised","tag-uudised","tag-viimased-uudised"],"share_on_mastodon":{"url":"","error":""},"_links":{"self":[{"href":"https:\/\/www.europesays.com\/ee\/wp-json\/wp\/v2\/posts\/5122","targetHints":{"allow":["GET"]}}],"collection":[{"href":"https:\/\/www.europesays.com\/ee\/wp-json\/wp\/v2\/posts"}],"about":[{"href":"https:\/\/www.europesays.com\/ee\/wp-json\/wp\/v2\/types\/post"}],"author":[{"embeddable":true,"href":"https:\/\/www.europesays.com\/ee\/wp-json\/wp\/v2\/users\/2"}],"replies":[{"embeddable":true,"href":"https:\/\/www.europesays.com\/ee\/wp-json\/wp\/v2\/comments?post=5122"}],"version-history":[{"count":0,"href":"https:\/\/www.europesays.com\/ee\/wp-json\/wp\/v2\/posts\/5122\/revisions"}],"wp:featuredmedia":[{"embeddable":true,"href":"https:\/\/www.europesays.com\/ee\/wp-json\/wp\/v2\/media\/5123"}],"wp:attachment":[{"href":"https:\/\/www.europesays.com\/ee\/wp-json\/wp\/v2\/media?parent=5122"}],"wp:term":[{"taxonomy":"category","embeddable":true,"href":"https:\/\/www.europesays.com\/ee\/wp-json\/wp\/v2\/categories?post=5122"},{"taxonomy":"post_tag","embeddable":true,"href":"https:\/\/www.europesays.com\/ee\/wp-json\/wp\/v2\/tags?post=5122"}],"curies":[{"name":"wp","href":"https:\/\/api.w.org\/{rel}","templated":true}]}}