{"id":51259,"date":"2025-11-26T16:08:09","date_gmt":"2025-11-26T16:08:09","guid":{"rendered":"https:\/\/www.europesays.com\/ee\/51259\/"},"modified":"2025-11-26T16:08:09","modified_gmt":"2025-11-26T16:08:09","slug":"analuus-vene-ukraina-konflikt-lohestab-trumpi-lahikonda-asja-oli-peal-witkoff-nuud-jalle-rubio","status":"publish","type":"post","link":"https:\/\/www.europesays.com\/ee\/51259\/","title":{"rendered":"ANAL\u00dc\u00dcS | Vene-Ukraina konflikt l\u00f5hestab Trumpi l\u00e4hikonda. \u00c4sja oli peal Witkoff, n\u00fc\u00fcd j\u00e4lle Rubio"},"content":{"rendered":"<p class=\"western\">USA administratsiooni sisev\u00f5itlus <a rel=\"noopener nofollow\" target=\"_blank\" href=\"https:\/\/www.delfi.ee\/teema\/3\/venemaa\" tag-id=\"3\">Venemaa<\/a> teemal on tagasi endises tasakaaluseisundis. Erisaadik Steve Witkoffi j\u00e4rjekordne algatus Venemaale sobiva rahulepingu saavutamiseks on n\u00e4htavasti taas neutraliseeritud ja eelmisel n\u00e4dalal Kiievis v\u00e4ltimatu ultimaatumina tutvustatud 28 punktist on n\u00fc\u00fcd saanud muudatustele avatud mustand. USA v\u00e4lisministri Marco Rubio teatel v\u00f5etakse <a rel=\"noopener nofollow\" target=\"_blank\" href=\"https:\/\/www.delfi.ee\/teema\/25048531\/ukraina\" tag-id=\"25048531\">Ukraina<\/a> elulisi huvisid rahuleppe kavandis arvesse ning Venemaa annab juba m\u00f5ista, et nemad sellisel juhul ehk ilma s\u00f5ja \u201ejuurp\u00f5hjuste\u201c lahendamiseta \u00fchegi kokkuleppega ei n\u00f5ustu.<\/p>\n<p class=\"western\">P\u00e4rast seda \u00e4revust on k\u00f5ik taas endine ning j\u00e4tkuvad nii USA Ukrainale antav leige, aga praktiline toetus kui ka siseheitlus selle l\u00f5petamise v\u00f5i s\u00e4ilitamise nimel. Viimase n\u00e4dala s\u00fcndmuste valguses on Trumpi l\u00e4hikonna l\u00f5hed NATO-t, Ukrainat ja Venemaad puudutavates k\u00fcsimustes ilmsemad kui kunagi varem.<\/p>\n<p>Oled juba tellija?  Logi sisse <\/p>\n<p>       <a href=\"https:\/\/www.delfi.ee\/artikkel\/120419754\/analuus-vene-ukraina-konflikt-lohestab-trumpi-lahikonda-asja-oli-peal-witkoff-nuud-jalle-rubio\/kommentaarid\" class=\"article-body-bottom__comment article-body-bottom__comment--write button button--primary button--size-auto\" rel=\"nofollow noopener\" target=\"_blank\"><br \/>\n        Kommenteeri<br \/>\n       <\/a> <a href=\"https:\/\/www.delfi.ee\/artikkel\/120419754\/analuus-vene-ukraina-konflikt-lohestab-trumpi-lahikonda-asja-oli-peal-witkoff-nuud-jalle-rubio\/kommentaarid\" class=\"article-body-bottom__comment article-body-bottom__comment--read button button--size-auto\" rel=\"nofollow noopener\" target=\"_blank\"><br \/>\n        Loe kommentaare (22) <\/a>  <\/p>\n","protected":false},"excerpt":{"rendered":"USA administratsiooni sisev\u00f5itlus Venemaa teemal on tagasi endises tasakaaluseisundis. Erisaadik Steve Witkoffi j\u00e4rjekordne algatus Venemaale sobiva rahulepingu saavutamiseks&hellip;\n","protected":false},"author":2,"featured_media":51260,"comment_status":"","ping_status":"","sticky":false,"template":"","format":"standard","meta":{"footnotes":"","_share_on_mastodon":"0"},"categories":[80],"tags":[26,27,26048,25387,26047,324,37,33,35,26046,34,36,31,32,21,12879,8831,28,29,1210,95,1894,26045,19,1205,26044,25,107,23,24,262,22,325,20,96,30,92,93,94],"class_list":["post-51259","post","type-post","status-publish","format-standard","has-post-thumbnail","category-maailm","tag-breaking-news","tag-breakingnews","tag-brian-fitzpatrick","tag-dan-driscoll","tag-don-bacon","tag-donald-trump","tag-ee","tag-eesti","tag-eesti-keel","tag-elbridge-colby","tag-estonia","tag-estonian","tag-featured-news","tag-featurednews","tag-headlines","tag-j-d-vance","tag-jared-kushner","tag-latest-news","tag-latestnews","tag-lindsey-graham","tag-maailm","tag-marco-rubio","tag-mitch-mcconnell","tag-news","tag-pete-hegseth","tag-peter-thiel","tag-populaarseimad-lood","tag-soda-ukrainas","tag-top-stories","tag-topstories","tag-ukraina","tag-uldised-uudised","tag-usa","tag-uudised","tag-venemaa","tag-viimased-uudised","tag-world","tag-world-news","tag-worldnews"],"share_on_mastodon":{"url":"","error":"Validation failed: Text character limit of 500 exceeded"},"_links":{"self":[{"href":"https:\/\/www.europesays.com\/ee\/wp-json\/wp\/v2\/posts\/51259","targetHints":{"allow":["GET"]}}],"collection":[{"href":"https:\/\/www.europesays.com\/ee\/wp-json\/wp\/v2\/posts"}],"about":[{"href":"https:\/\/www.europesays.com\/ee\/wp-json\/wp\/v2\/types\/post"}],"author":[{"embeddable":true,"href":"https:\/\/www.europesays.com\/ee\/wp-json\/wp\/v2\/users\/2"}],"replies":[{"embeddable":true,"href":"https:\/\/www.europesays.com\/ee\/wp-json\/wp\/v2\/comments?post=51259"}],"version-history":[{"count":0,"href":"https:\/\/www.europesays.com\/ee\/wp-json\/wp\/v2\/posts\/51259\/revisions"}],"wp:featuredmedia":[{"embeddable":true,"href":"https:\/\/www.europesays.com\/ee\/wp-json\/wp\/v2\/media\/51260"}],"wp:attachment":[{"href":"https:\/\/www.europesays.com\/ee\/wp-json\/wp\/v2\/media?parent=51259"}],"wp:term":[{"taxonomy":"category","embeddable":true,"href":"https:\/\/www.europesays.com\/ee\/wp-json\/wp\/v2\/categories?post=51259"},{"taxonomy":"post_tag","embeddable":true,"href":"https:\/\/www.europesays.com\/ee\/wp-json\/wp\/v2\/tags?post=51259"}],"curies":[{"name":"wp","href":"https:\/\/api.w.org\/{rel}","templated":true}]}}