{"id":51327,"date":"2025-11-26T18:14:07","date_gmt":"2025-11-26T18:14:07","guid":{"rendered":"https:\/\/www.europesays.com\/ee\/51327\/"},"modified":"2025-11-26T18:14:07","modified_gmt":"2025-11-26T18:14:07","slug":"ta-naitab-lopuks-ometi-oma-toelist-poolt","status":"publish","type":"post","link":"https:\/\/www.europesays.com\/ee\/51327\/","title":{"rendered":"ta n\u00e4itab l\u00f5puks ometi oma t\u00f5elist poolt"},"content":{"rendered":"<p>N\u00e4dal aega tagasi krooniti t\u00f5sielusaate \u00abArmastuse malev\u00bb v\u00f5itjapaar, kes sai 10 000 euro v\u00f5rra rikkamaks. N\u00fc\u00fcd viskas v\u00f5idust napilt ilma j\u00e4\u00e4nud Sandra \u00fchismeedias \u00f5hku, et saate v\u00f5itnud Margot ja Jaagup ostsid televaatajate h\u00e4\u00e4li. \u00abP\u00e4ris hull, kui inimene, keda enda s\u00f5brannaks pidasin, n\u00e4itab l\u00f5puks ometi oma t\u00f5elist poolt,\u00bb leiab Margot, kelle s\u00f5nul on tegu lihtsalt kadedusega.<\/p>\n","protected":false},"excerpt":{"rendered":"N\u00e4dal aega tagasi krooniti t\u00f5sielusaate \u00abArmastuse malev\u00bb v\u00f5itjapaar, kes sai 10 000 euro v\u00f5rra rikkamaks. N\u00fc\u00fcd viskas v\u00f5idust&hellip;\n","protected":false},"author":2,"featured_media":51328,"comment_status":"","ping_status":"","sticky":false,"template":"","format":"standard","meta":{"footnotes":""},"categories":[85],"tags":[9893,37,33,35,173,34,36,11559,5922,23411,26086,23408,140,26084,26085,26083,23414,20407,26082,222,8001],"class_list":{"0":"post-51327","1":"post","2":"type-post","3":"status-publish","4":"format-standard","5":"has-post-thumbnail","7":"category-tv","8":"tag-armastuse-malev","9":"tag-ee","10":"tag-eesti","11":"tag-eesti-keel","12":"tag-entertainment","13":"tag-estonia","14":"tag-estonian","15":"tag-haaletus","16":"tag-instagram","17":"tag-jaagup","18":"tag-kinkekott","19":"tag-margot","20":"tag-meelelahutus","21":"tag-pohuplaat","22":"tag-rapane-mang","23":"tag-rasmus-rebase","24":"tag-sandra","25":"tag-tallinna","26":"tag-teine-koht","27":"tag-tv","28":"tag-voit"},"share_on_mastodon":{"url":"https:\/\/pubeurope.com\/@ee\/115617363500011321","error":""},"_links":{"self":[{"href":"https:\/\/www.europesays.com\/ee\/wp-json\/wp\/v2\/posts\/51327","targetHints":{"allow":["GET"]}}],"collection":[{"href":"https:\/\/www.europesays.com\/ee\/wp-json\/wp\/v2\/posts"}],"about":[{"href":"https:\/\/www.europesays.com\/ee\/wp-json\/wp\/v2\/types\/post"}],"author":[{"embeddable":true,"href":"https:\/\/www.europesays.com\/ee\/wp-json\/wp\/v2\/users\/2"}],"replies":[{"embeddable":true,"href":"https:\/\/www.europesays.com\/ee\/wp-json\/wp\/v2\/comments?post=51327"}],"version-history":[{"count":0,"href":"https:\/\/www.europesays.com\/ee\/wp-json\/wp\/v2\/posts\/51327\/revisions"}],"wp:featuredmedia":[{"embeddable":true,"href":"https:\/\/www.europesays.com\/ee\/wp-json\/wp\/v2\/media\/51328"}],"wp:attachment":[{"href":"https:\/\/www.europesays.com\/ee\/wp-json\/wp\/v2\/media?parent=51327"}],"wp:term":[{"taxonomy":"category","embeddable":true,"href":"https:\/\/www.europesays.com\/ee\/wp-json\/wp\/v2\/categories?post=51327"},{"taxonomy":"post_tag","embeddable":true,"href":"https:\/\/www.europesays.com\/ee\/wp-json\/wp\/v2\/tags?post=51327"}],"curies":[{"name":"wp","href":"https:\/\/api.w.org\/{rel}","templated":true}]}}