{"id":51526,"date":"2025-11-27T04:18:13","date_gmt":"2025-11-27T04:18:13","guid":{"rendered":"https:\/\/www.europesays.com\/ee\/51526\/"},"modified":"2025-11-27T04:18:13","modified_gmt":"2025-11-27T04:18:13","slug":"ulla-preedeni-jargmine-tookoht-on-tartu-linnavalitsuses","status":"publish","type":"post","link":"https:\/\/www.europesays.com\/ee\/51526\/","title":{"rendered":"Ulla Preedeni j\u00e4rgmine t\u00f6\u00f6koht on Tartu linnavalitsuses"},"content":{"rendered":"<p>Preeden oli Tartu Postimehe andmeil n\u00f5us koha vastu v\u00f5tma tingimusel, kui saab rektoriameti \u00fcle andmiseks m\u00f5ne kuu aega ning v\u00f5imaluse uude ametisse asuda kevadel. &#8220;Esmasp\u00e4eva \u00f5htuks olin endamisi otsuse langetanud, teisip\u00e4eval kohtusin Isamaa Tartu piirkonna juhatusega,&#8221; r\u00e4\u00e4kis Preeden.<\/p>\n<p>Tema ametiaeg tervishoiuk\u00f5rgkooli rektorina oleks l\u00f5ppenud j\u00e4rgmisel suvel. &#8220;Andsin sellest juba varem teada, et ei kandideeri j\u00e4rgmiseks ametiajaks. Uue rektori aktiivne v\u00e4rbamisprotsess k\u00e4ib,&#8221; lausus Preeden.<\/p>\n","protected":false},"excerpt":{"rendered":"Preeden oli Tartu Postimehe andmeil n\u00f5us koha vastu v\u00f5tma tingimusel, kui saab rektoriameti \u00fcle andmiseks m\u00f5ne kuu aega&hellip;\n","protected":false},"author":2,"featured_media":19161,"comment_status":"","ping_status":"","sticky":false,"template":"","format":"standard","meta":{"footnotes":"","_share_on_mastodon":"0"},"categories":[12],"tags":[26216,26,27,37,33,35,34,36,31,32,21,28,29,19,25,23,24,22,11308,20,30],"class_list":["post-51526","post","type-post","status-publish","format-standard","has-post-thumbnail","category-eesti","tag-abilinnapea-kandidaat","tag-breaking-news","tag-breakingnews","tag-ee","tag-eesti","tag-eesti-keel","tag-estonia","tag-estonian","tag-featured-news","tag-featurednews","tag-headlines","tag-latest-news","tag-latestnews","tag-news","tag-populaarseimad-lood","tag-top-stories","tag-topstories","tag-uldised-uudised","tag-ulla-preeden","tag-uudised","tag-viimased-uudised"],"share_on_mastodon":{"url":"https:\/\/pubeurope.com\/@ee\/115619738559446424","error":""},"_links":{"self":[{"href":"https:\/\/www.europesays.com\/ee\/wp-json\/wp\/v2\/posts\/51526","targetHints":{"allow":["GET"]}}],"collection":[{"href":"https:\/\/www.europesays.com\/ee\/wp-json\/wp\/v2\/posts"}],"about":[{"href":"https:\/\/www.europesays.com\/ee\/wp-json\/wp\/v2\/types\/post"}],"author":[{"embeddable":true,"href":"https:\/\/www.europesays.com\/ee\/wp-json\/wp\/v2\/users\/2"}],"replies":[{"embeddable":true,"href":"https:\/\/www.europesays.com\/ee\/wp-json\/wp\/v2\/comments?post=51526"}],"version-history":[{"count":0,"href":"https:\/\/www.europesays.com\/ee\/wp-json\/wp\/v2\/posts\/51526\/revisions"}],"wp:featuredmedia":[{"embeddable":true,"href":"https:\/\/www.europesays.com\/ee\/wp-json\/wp\/v2\/media\/19161"}],"wp:attachment":[{"href":"https:\/\/www.europesays.com\/ee\/wp-json\/wp\/v2\/media?parent=51526"}],"wp:term":[{"taxonomy":"category","embeddable":true,"href":"https:\/\/www.europesays.com\/ee\/wp-json\/wp\/v2\/categories?post=51526"},{"taxonomy":"post_tag","embeddable":true,"href":"https:\/\/www.europesays.com\/ee\/wp-json\/wp\/v2\/tags?post=51526"}],"curies":[{"name":"wp","href":"https:\/\/api.w.org\/{rel}","templated":true}]}}