{"id":51594,"date":"2025-11-27T07:12:12","date_gmt":"2025-11-27T07:12:12","guid":{"rendered":"https:\/\/www.europesays.com\/ee\/51594\/"},"modified":"2025-11-27T07:12:12","modified_gmt":"2025-11-27T07:12:12","slug":"leedri-korteriarendusprojekti-kaivitamine-tartu-vald","status":"publish","type":"post","link":"https:\/\/www.europesays.com\/ee\/51594\/","title":{"rendered":"Leedri korteriarendusprojekti k\u00e4ivitamine (Tartu vald,"},"content":{"rendered":"<p align=\"justify\">AS Merko Ehitus kontserni kuuluv O\u00dc Merko Kodud on otsustanud k\u00e4ivitada Tartu vallas Leedri arendusprojekti esimese etapi. Kogu projekti arendusmaht h\u00f5lmab kokku kuues kortermajas 144 korteri ehitust. Esimese etapi raames valmib 2027. aasta mais aadressidel Leedripuu 1 ja Leedripuu 2 kaks kortermaja kokku 48 korteriga.<\/p>\n<p align=\"justify\">Leedri kodude (<a href=\"https:\/\/www.globenewswire.com\/Tracker?data=EayPxe3L1DxBrs8NIojAUoBT4yzRjlQxtegAXvo7H-mLH9p2YM82thuyoO-ZD1tZyumTq2ztWKgAnCI9jN-EE7HsTedhCmzPTdZZ1j6uUsk=\" rel=\"nofollow noopener\" target=\"_blank\" title=\"merko.ee\/leedri\">merko.ee\/leedri<\/a>) kolmekorruseliste A-energiaklassiga hoonete korterite suurused j\u00e4\u00e4vad vahemikku 44\u2013102 ruutmeetrit ja ruutmeetri hinnad algavad 2830 eurost. Hoonete \u00fcmber rajab Merko parkimiskohad ning haljastuse.<\/p>\n<p align=\"justify\">O\u00dc Merko Kodud\u00a0(<a href=\"https:\/\/www.globenewswire.com\/Tracker?data=EayPxe3L1DxBrs8NIojAUiqOv7Fs433lWTOsZKPqgT1hdGIzl_1XCHEwhxVl24CgMb41eIsT58ML9vJ3P_EskeRaAtD21i3qt4Zgg0NVj9Y=\" rel=\"nofollow noopener\" target=\"_blank\" title=\"merko.ee\/kodud\">merko.ee\/kodud<\/a>) on Eesti tuntuim ja usaldusv\u00e4\u00e4rseim elukondliku kinnisvara arendaja. Parima kvaliteedi tagamiseks haldab Merko korteriarenduse k\u00f5iki etappe: kavandamine, projekteerimine, ehitamine, m\u00fc\u00fck ja garantiiaegne teenindus.<\/p>\n<p>Lisainfo: O\u00dc Merko Kodud juhatuse liige Indrek Tarto, tel +372 680 5105.<\/p>\n<p>Urmas Somelar<br \/>Finants\u00fcksuse juht<br \/>AS Merko Ehitus<br \/>Telefon: +372\u00a0650 1250<br \/>E-post:\u00a0<a href=\"https:\/\/www.globenewswire.com\/Tracker?data=ng9PI-hjTTfUgOQr3WHBWQVjB_Pl9DRXpJ4khIevo3NClDCVBWLdBPQAzY0bbogzQOez0slk6HhF7pUSA_0Vmnbh8P82MY7NqSUe7Uykb1k=\" rel=\"nofollow noopener\" target=\"_blank\" title=\"urmas.somelar@merko.ee\">urmas.somelar@merko.ee<\/a><\/p>\n<p>AS Merko Ehitus\u00a0(<a href=\"https:\/\/www.globenewswire.com\/Tracker?data=IlJaeiHxN5xceEk48Us31rGJG6TYaqxC27ghMhtHpsxiakCPhi77mEmvRe1kJM7HBIKiuCNqmD5SLpuaiLh6Bj5mR5hdqYg95WCACG7VbUk=\" rel=\"nofollow noopener\" target=\"_blank\" title=\"\">group.merko.ee<\/a>) kontserni ettev\u00f5tted ehitavad hooneid ja infrastruktuuri ning arendavad kinnisvara. Loome paremat elukeskkonda ja ehitame tulevikku. Tegutseme Eestis, L\u00e4tis ja Leedus. 2024. aasta l\u00f5pu seisuga andis kontsern t\u00f6\u00f6d 605 inimesele ning ettev\u00f5tte 2024. aasta m\u00fc\u00fcgitulu oli 539 miljonit eurot.<\/p>\n<ul id=\"gnw_attachments_section-items\">\n<li>\n        <a target=\"_blank\" href=\"https:\/\/www.globenewswire.com\/Tracker?data=8Ps-F7iQJqwsTorjnYF1az-TmPXVBVQ3nFOmg8Lng7zZO3v-K5KqW5LI5kd2g6WRZboMT33rk6rm_bBZFWu_GJnI6npyJxtLShtP0-KispxUWRRfE3zC_qB3r13UbDnIaA9Q3D1hx8UGx1eu6sV_CcmHBQmRg7QvHUNfT7PhoEg=\" title=\"Leedri house\" rel=\"nofollow noopener\">Leedri house<\/a>\n      <\/li>\n<li>\n        <a target=\"_blank\" href=\"https:\/\/www.globenewswire.com\/Tracker?data=8Ps-F7iQJqwsTorjnYF1a8hMdjsa4oRggjzqI_KThWFuZSbPLARNcYRspCvBTHCf57BoAjwFXGDq6Cy5P9akIomPvSoUXgiGWuPv666imIDjcsqeLsfX4m8fNEXEK_7P3aCg7xXdVqY-69WxVzl2fHAHWDl67yxcvFwjsnxXCOc=\" title=\"Leedri courtyard\" rel=\"nofollow noopener\">Leedri courtyard<\/a>\n      <\/li>\n<\/ul>\n<p><img decoding=\"async\" alt=\"\" src=\"https:\/\/www.europesays.com\/ee\/wp-content\/uploads\/2025\/11\/1764227532_959_Merko-Ehitus-AS.png\" referrerpolicy=\"no-referrer-when-downgrade\"\/><\/p>\n","protected":false},"excerpt":{"rendered":"AS Merko Ehitus kontserni kuuluv O\u00dc Merko Kodud on otsustanud k\u00e4ivitada Tartu vallas Leedri arendusprojekti esimese etapi. Kogu&hellip;\n","protected":false},"author":2,"featured_media":20402,"comment_status":"","ping_status":"","sticky":false,"template":"","format":"standard","meta":{"footnotes":""},"categories":[14],"tags":[131,130,37,33,35,34,36,11874,11873],"class_list":{"0":"post-51594","1":"post","2":"type-post","3":"status-publish","4":"format-standard","5":"has-post-thumbnail","7":"category-ari","8":"tag-ari","9":"tag-business","10":"tag-ee","11":"tag-eesti","12":"tag-eesti-keel","13":"tag-estonia","14":"tag-estonian","15":"tag-merko-ehitus-as","16":"tag-tallinn-stock-exchangemrk1t"},"share_on_mastodon":{"url":"https:\/\/pubeurope.com\/@ee\/115620422901640666","error":""},"_links":{"self":[{"href":"https:\/\/www.europesays.com\/ee\/wp-json\/wp\/v2\/posts\/51594","targetHints":{"allow":["GET"]}}],"collection":[{"href":"https:\/\/www.europesays.com\/ee\/wp-json\/wp\/v2\/posts"}],"about":[{"href":"https:\/\/www.europesays.com\/ee\/wp-json\/wp\/v2\/types\/post"}],"author":[{"embeddable":true,"href":"https:\/\/www.europesays.com\/ee\/wp-json\/wp\/v2\/users\/2"}],"replies":[{"embeddable":true,"href":"https:\/\/www.europesays.com\/ee\/wp-json\/wp\/v2\/comments?post=51594"}],"version-history":[{"count":0,"href":"https:\/\/www.europesays.com\/ee\/wp-json\/wp\/v2\/posts\/51594\/revisions"}],"wp:featuredmedia":[{"embeddable":true,"href":"https:\/\/www.europesays.com\/ee\/wp-json\/wp\/v2\/media\/20402"}],"wp:attachment":[{"href":"https:\/\/www.europesays.com\/ee\/wp-json\/wp\/v2\/media?parent=51594"}],"wp:term":[{"taxonomy":"category","embeddable":true,"href":"https:\/\/www.europesays.com\/ee\/wp-json\/wp\/v2\/categories?post=51594"},{"taxonomy":"post_tag","embeddable":true,"href":"https:\/\/www.europesays.com\/ee\/wp-json\/wp\/v2\/tags?post=51594"}],"curies":[{"name":"wp","href":"https:\/\/api.w.org\/{rel}","templated":true}]}}