{"id":51720,"date":"2025-11-27T09:49:08","date_gmt":"2025-11-27T09:49:08","guid":{"rendered":"https:\/\/www.europesays.com\/ee\/51720\/"},"modified":"2025-11-27T09:49:08","modified_gmt":"2025-11-27T09:49:08","slug":"transpordiameti-siseoppus-joudis-ekslikult-ajakirjanikeni","status":"publish","type":"post","link":"https:\/\/www.europesays.com\/ee\/51720\/","title":{"rendered":"Transpordiameti sise\u00f5ppus j\u00f5udis ekslikult ajakirjanikeni"},"content":{"rendered":"<p>Veel seisis transpordiameti seinte vahele j\u00e4\u00e4ma pidanud teates, et \u00fcmbers\u00f5it on korraldatud Puurmani-Paink\u00fcla tee kaudu: \u00abLiiklusm\u00e4rgid \u00fcmbers\u00f5itu ja teed suunavate m\u00e4rkidega on v\u00e4ljas.\u00bb Lisatud oli seegi, et P\u00f5ltsamaa ja J\u00f5geva vahel on igale suuremale ristmikule v\u00e4lja pandud tupikut t\u00e4histavad liiklusm\u00e4rgid.<\/p>\n<p>Teade sattus ajakirjanike postkastidesse kogemata, selgitas transpordiameti kommunikatsiooniekspert Kristiina Tilk.<\/p>\n","protected":false},"excerpt":{"rendered":"Veel seisis transpordiameti seinte vahele j\u00e4\u00e4ma pidanud teates, et \u00fcmbers\u00f5it on korraldatud Puurmani-Paink\u00fcla tee kaudu: \u00abLiiklusm\u00e4rgid \u00fcmbers\u00f5itu ja&hellip;\n","protected":false},"author":2,"featured_media":51721,"comment_status":"","ping_status":"","sticky":false,"template":"","format":"standard","meta":{"footnotes":"","_share_on_mastodon":"0"},"categories":[5],"tags":[26,27,37,33,35,34,36,31,32,21,28,29,7868,26293,19,8169,15359,25,3955,7087,26294,23,24,2086,22,26295,20,30],"class_list":["post-51720","post","type-post","status-publish","format-standard","has-post-thumbnail","category-uldised-uudised","tag-breaking-news","tag-breakingnews","tag-ee","tag-eesti","tag-eesti-keel","tag-estonia","tag-estonian","tag-featured-news","tag-featurednews","tag-headlines","tag-latest-news","tag-latestnews","tag-liiklusmargid","tag-liiklusuudised","tag-news","tag-oppus","tag-poltsamaa","tag-populaarseimad-lood","tag-puurmani","tag-tallinna-tartu-maantee","tag-teehooldajad","tag-top-stories","tag-topstories","tag-transpordiamet","tag-uldised-uudised","tag-umbersoit","tag-uudised","tag-viimased-uudised"],"share_on_mastodon":{"url":"https:\/\/pubeurope.com\/@ee\/115621040183553839","error":""},"_links":{"self":[{"href":"https:\/\/www.europesays.com\/ee\/wp-json\/wp\/v2\/posts\/51720","targetHints":{"allow":["GET"]}}],"collection":[{"href":"https:\/\/www.europesays.com\/ee\/wp-json\/wp\/v2\/posts"}],"about":[{"href":"https:\/\/www.europesays.com\/ee\/wp-json\/wp\/v2\/types\/post"}],"author":[{"embeddable":true,"href":"https:\/\/www.europesays.com\/ee\/wp-json\/wp\/v2\/users\/2"}],"replies":[{"embeddable":true,"href":"https:\/\/www.europesays.com\/ee\/wp-json\/wp\/v2\/comments?post=51720"}],"version-history":[{"count":0,"href":"https:\/\/www.europesays.com\/ee\/wp-json\/wp\/v2\/posts\/51720\/revisions"}],"wp:featuredmedia":[{"embeddable":true,"href":"https:\/\/www.europesays.com\/ee\/wp-json\/wp\/v2\/media\/51721"}],"wp:attachment":[{"href":"https:\/\/www.europesays.com\/ee\/wp-json\/wp\/v2\/media?parent=51720"}],"wp:term":[{"taxonomy":"category","embeddable":true,"href":"https:\/\/www.europesays.com\/ee\/wp-json\/wp\/v2\/categories?post=51720"},{"taxonomy":"post_tag","embeddable":true,"href":"https:\/\/www.europesays.com\/ee\/wp-json\/wp\/v2\/tags?post=51720"}],"curies":[{"name":"wp","href":"https:\/\/api.w.org\/{rel}","templated":true}]}}