{"id":51800,"date":"2025-11-27T11:26:36","date_gmt":"2025-11-27T11:26:36","guid":{"rendered":"https:\/\/www.europesays.com\/ee\/51800\/"},"modified":"2025-11-27T11:26:36","modified_gmt":"2025-11-27T11:26:36","slug":"leht-usa-plaanib-survestada-laaneriike-oma-randepoliitikat-karmistama-valismaa","status":"publish","type":"post","link":"https:\/\/www.europesays.com\/ee\/51800\/","title":{"rendered":"Leht: USA plaanib survestada L\u00e4\u00e4neriike oma r\u00e4ndepoliitikat karmistama | V\u00e4lismaa"},"content":{"rendered":"<p>USA v\u00e4lisministeerium andis oma diplomaatidele juhised survestada L\u00e4\u00e4neriike r\u00e4ndepoliitikat karmistama, kirjutab konservatiivne v\u00e4ljaanne Washington Examiner, viidates enda valduses olevatele dokumentidele.<\/p>\n<p>V\u00e4ljaande s\u00f5nul saatis USA v\u00e4lisministeerium reedel \u00dchendriikide saatkondadele \u00fcle Euroopa ja muu l\u00e4\u00e4nemaailma juhised, millega palutakse diplomaatidel p\u00f6\u00f6rata rohkem t\u00e4helepanu r\u00e4ndega seotud probleemidele ning edastada Washingtoni p\u00f5hjalikke raporteid r\u00e4ndepoliitika &#8220;s\u00fcsteemsetest eba\u00f5nnestumistest&#8221;.<\/p>\n<p>Dokumentide kohaselt kutsub v\u00e4lisministeerium valitsusi \u00fcles reageerima kasvavale avalikule rahulolematusele &#8220;ohjeldamatu r\u00e4nde&#8221; \u00fcle, et v\u00e4hendada poliitilise ebastabiilsuse riski.<\/p>\n<p>&#8220;Massimigratsioonist tingitud probleemid toovad esile kriitilised v\u00e4ljakutsed riiklikule julgeolekule, avalikule turvalisusele ja inim\u00f5igustele. Seet\u00f5ttu on valitsustel ja rahvusvahelistel partneritel h\u00e4davajalik seada esikohale suver\u00e4\u00e4nsus, tagada \u00f5igusriigi toimimine ning rakendada korra hoidmiseks ja kodanike kaitsmiseks rangeid meetmeid,&#8221; seisab Washington Examineri valduses olevate dokumentide kohaselt diplomaatidele saadetud teates.<\/p>\n<p>Diplomaatidelt oodatakse n\u00fc\u00fcd t\u00e4helepanu juhtimist riiklikele poliitikatele, mis eelistavad p\u00f5hjendamatult migrante kohaliku elanikkonna arvelt. &#8220;N\u00e4iteks migrantide kuritegude leebemat karistamist v\u00f5i kohalike elanike kodudest v\u00e4ljat\u00f5stmist, et teha ruumi sisser\u00e4ndajatele,&#8221; sedastab teade.<\/p>\n","protected":false},"excerpt":{"rendered":"USA v\u00e4lisministeerium andis oma diplomaatidele juhised survestada L\u00e4\u00e4neriike r\u00e4ndepoliitikat karmistama, kirjutab konservatiivne v\u00e4ljaanne Washington Examiner, viidates enda valduses&hellip;\n","protected":false},"author":2,"featured_media":51801,"comment_status":"","ping_status":"","sticky":false,"template":"","format":"standard","meta":{"footnotes":""},"categories":[80],"tags":[26,27,37,33,35,34,36,112,31,32,21,28,29,95,26337,500,19,25,3711,23,24,22,325,20,30,92,93,94],"class_list":{"0":"post-51800","1":"post","2":"type-post","3":"status-publish","4":"format-standard","5":"has-post-thumbnail","7":"category-maailm","8":"tag-breaking-news","9":"tag-breakingnews","10":"tag-ee","11":"tag-eesti","12":"tag-eesti-keel","13":"tag-estonia","14":"tag-estonian","15":"tag-euroopa","16":"tag-featured-news","17":"tag-featurednews","18":"tag-headlines","19":"tag-latest-news","20":"tag-latestnews","21":"tag-maailm","22":"tag-migrant","23":"tag-migratsioon","24":"tag-news","25":"tag-populaarseimad-lood","26":"tag-sisseranne","27":"tag-top-stories","28":"tag-topstories","29":"tag-uldised-uudised","30":"tag-usa","31":"tag-uudised","32":"tag-viimased-uudised","33":"tag-world","34":"tag-world-news","35":"tag-worldnews"},"share_on_mastodon":{"url":"https:\/\/pubeurope.com\/@ee\/115621421651898820","error":""},"_links":{"self":[{"href":"https:\/\/www.europesays.com\/ee\/wp-json\/wp\/v2\/posts\/51800","targetHints":{"allow":["GET"]}}],"collection":[{"href":"https:\/\/www.europesays.com\/ee\/wp-json\/wp\/v2\/posts"}],"about":[{"href":"https:\/\/www.europesays.com\/ee\/wp-json\/wp\/v2\/types\/post"}],"author":[{"embeddable":true,"href":"https:\/\/www.europesays.com\/ee\/wp-json\/wp\/v2\/users\/2"}],"replies":[{"embeddable":true,"href":"https:\/\/www.europesays.com\/ee\/wp-json\/wp\/v2\/comments?post=51800"}],"version-history":[{"count":0,"href":"https:\/\/www.europesays.com\/ee\/wp-json\/wp\/v2\/posts\/51800\/revisions"}],"wp:featuredmedia":[{"embeddable":true,"href":"https:\/\/www.europesays.com\/ee\/wp-json\/wp\/v2\/media\/51801"}],"wp:attachment":[{"href":"https:\/\/www.europesays.com\/ee\/wp-json\/wp\/v2\/media?parent=51800"}],"wp:term":[{"taxonomy":"category","embeddable":true,"href":"https:\/\/www.europesays.com\/ee\/wp-json\/wp\/v2\/categories?post=51800"},{"taxonomy":"post_tag","embeddable":true,"href":"https:\/\/www.europesays.com\/ee\/wp-json\/wp\/v2\/tags?post=51800"}],"curies":[{"name":"wp","href":"https:\/\/api.w.org\/{rel}","templated":true}]}}