{"id":52463,"date":"2025-11-28T09:28:09","date_gmt":"2025-11-28T09:28:09","guid":{"rendered":"https:\/\/www.europesays.com\/ee\/52463\/"},"modified":"2025-11-28T09:28:09","modified_gmt":"2025-11-28T09:28:09","slug":"ka-omavalitsusliit-on-vastu-opetajate-tsentraalsele-karjaarimudelile-postimees","status":"publish","type":"post","link":"https:\/\/www.europesays.com\/ee\/52463\/","title":{"rendered":"Ka Omavalitsusliit on vastu \u00f5petajate tsentraalsele karj\u00e4\u00e4rimudelile &#8211; Postimees"},"content":{"rendered":"<ol>\n<li><a href=\"https:\/\/news.google.com\/rss\/articles\/CBMiqAFBVV95cUxPb3VjMkZKUDllMV83bWF5RFpOTEpYYjFpdWwwZWVNbFlkUnI0dmVCZFIzTk96M29BanVnY25vYThxcGhkYWpxd2xEWFFsejk0ajNnQjQyNHRhLVo2bk00V2NQMFA4ZmR3Q3g4QzcyX05CS1g3T01mc21reTZIMjFvYWhBTmpSR2VjWVEtNFloRUgzekFaSEhHQnN4OTlHeFdLOFFBZUM0ZFM?oc=5\" target=\"_blank\" rel=\"nofollow noopener\">Ka Omavalitsusliit on vastu \u00f5petajate tsentraalsele karj\u00e4\u00e4rimudelile<\/a>&nbsp;&nbsp;Postimees<\/li>\n<li><a href=\"https:\/\/news.google.com\/rss\/articles\/CBMiswFBVV95cUxPU0JIbzNrdG5SV0t0YlZlWlozNHNMRkRfT0ZiQ3dpTnhGaElNVks0V01UX1ZZc3B4VHlPaW16Zm5ybjhzN09JU0dhVFhsRkNHU09WbmtDZFluelBrSFdjQ1lyV0RGVTF4Wm9rSUw1Y1R4UUg3Q25aM204V2NLcmhYa2k0eHpCZDE1V2kxNko1dUcyOUdQTFlvemdEa2tkNWZxTWtWVGgtQkl5ZHhCSGZvMUx3Yw?oc=5\" target=\"_blank\" rel=\"nofollow noopener\">Eneli Kindsiko: karj\u00e4\u00e4rimudel kasvatab \u00f5petajate j\u00e4relkasvu asemel b\u00fcrokraatiat<\/a>&nbsp;&nbsp;ERR<\/li>\n<li><a href=\"https:\/\/news.google.com\/rss\/articles\/CBMixwFBVV95cUxOSzZZQWJYT2xkUzI4c0poaTdXRGQ0VWJpLTlEVVhtUjdZNGRod0pKNlBJZ2FQTFluNm9nWGw3bGZHYUtwZ0JVeWt2emFMWjVXUk45OVJ5THcwekxoRjJkRFRDcTJoRXZIdUpZWXU5d01uMEt0dGdHVnAxU2pneXJYejVQTUtkWk1hcm9scklUMTJRNTRiZno3R2g1bVBoUnZZUGd6RjJWLWQyNURrYlNaZzdmb0VmWGFGcFBKYS1LNVdTTDhRenBJ?oc=5\" target=\"_blank\" rel=\"nofollow noopener\">\u00d5UDNE KOOLISEADUS: haridusorganisatsioonid nimetavad \u00f5petajate karj\u00e4\u00e4rimudelit tarbetuks koormaks<\/a>&nbsp;&nbsp;\u00d5htuleht<\/li>\n<li><a href=\"https:\/\/news.google.com\/rss\/articles\/CBMiiwFBVV95cUxPSmhQMkJzaDVNY1VxTVNGeFJ4NkxaTVQtcnhHWU9RZ0ljcHpaMVJGLUJ3V0hNRTRYRk9FdFZiNFFmdTVudmNzLVFwdDRCZkZpS2J6N0g0SG0yQWpuOXVMSDRkZTlEVWlleEtrZGMwaGVhMmI2cS0zd1M1MHRwMUxyeE9KNm1BRThNMUww?oc=5\" target=\"_blank\" rel=\"nofollow noopener\">Riigikogus k\u00f5las \u00f5petajate palga ja t\u00f6\u00f6koormuse mure<\/a>&nbsp;&nbsp;\u00d5petajate Leht<\/li>\n<li><a href=\"https:\/\/news.google.com\/rss\/articles\/CBMihAJBVV95cUxOdG94UEtWSW5GNURsN2h6cHBUZXNpUXBzbkhPNWV3Vi15NFFOeTBJeEtuOEZ5endqaE1tNHNQRnY3dWsyWTJvY0dkLThzUlBmYjNqc1hMRWFINC1MMi1VaGp4RWVzaVFpWmF2RXkwMGZjSl81QThqOXN6ZlNHQ2dfLUt5LUVIeEFpdWY4OVdSSmU5SENhcUp1X2VCeFRQNHFnZU0tWUhXNXdXZkpyS2UyY2V5WGs2RE5wdjVVMDRvV0drRUpEWktWQ0RJaGd0WmlQcVNRb1d3VFM1SnNIR0Y0dl9GeVRNSU56bXo1cHBpekJ5bzBrb3RnT3NsNDJzVEhDRjBGbA?oc=5\" target=\"_blank\" rel=\"nofollow noopener\">Avalik \u00fchisp\u00f6\u00f6rdumine: haridusvaldkonna organisatsioonid kutsuvad Riigikogu olema vastu \u00f5petajate j\u00e4tkusuutlikkust kahjustavatele seadusemuudatustele<\/a>&nbsp;&nbsp;L\u00f5unaeestlane<\/li>\n<\/ol>\n","protected":false},"excerpt":{"rendered":"Ka Omavalitsusliit on vastu \u00f5petajate tsentraalsele karj\u00e4\u00e4rimudelile&nbsp;&nbsp;Postimees Eneli Kindsiko: karj\u00e4\u00e4rimudel kasvatab \u00f5petajate j\u00e4relkasvu asemel b\u00fcrokraatiat&nbsp;&nbsp;ERR \u00d5UDNE KOOLISEADUS: haridusorganisatsioonid&hellip;\n","protected":false},"author":2,"featured_media":52464,"comment_status":"","ping_status":"","sticky":false,"template":"","format":"standard","meta":{"footnotes":"","_share_on_mastodon":"0"},"categories":[12],"tags":[17288,26,27,13795,37,33,35,4434,17294,9834,34,36,31,32,2819,406,17293,21,17289,5030,17296,13547,405,413,17286,17287,28,29,17295,17291,8255,19,7709,15168,11409,4435,25,17292,17290,23,24,22,293,20,30],"class_list":["post-52463","post","type-post","status-publish","format-standard","has-post-thumbnail","category-eesti","tag-algkool","tag-breaking-news","tag-breakingnews","tag-direktor","tag-ee","tag-eesti","tag-eesti-keel","tag-eksam","tag-elukestev-ope","tag-emakeel","tag-estonia","tag-estonian","tag-featured-news","tag-featurednews","tag-gumnaasium","tag-haridus","tag-hariduskeskus","tag-headlines","tag-huviharidus","tag-karjaar","tag-karjaarivalik","tag-keeleope","tag-kool","tag-koolijuht","tag-koolitus","tag-kursused","tag-latest-news","tag-latestnews","tag-loeng","tag-lopueksam","tag-matemaatika","tag-news","tag-opetaja","tag-opilane","tag-opiranne","tag-pohikool","tag-populaarseimad-lood","tag-rakenduskorgharidus","tag-sisseastumiseksam","tag-top-stories","tag-topstories","tag-uldised-uudised","tag-ulikool","tag-uudised","tag-viimased-uudised"],"share_on_mastodon":{"url":"","error":"Validation failed: Text character limit of 500 exceeded"},"_links":{"self":[{"href":"https:\/\/www.europesays.com\/ee\/wp-json\/wp\/v2\/posts\/52463","targetHints":{"allow":["GET"]}}],"collection":[{"href":"https:\/\/www.europesays.com\/ee\/wp-json\/wp\/v2\/posts"}],"about":[{"href":"https:\/\/www.europesays.com\/ee\/wp-json\/wp\/v2\/types\/post"}],"author":[{"embeddable":true,"href":"https:\/\/www.europesays.com\/ee\/wp-json\/wp\/v2\/users\/2"}],"replies":[{"embeddable":true,"href":"https:\/\/www.europesays.com\/ee\/wp-json\/wp\/v2\/comments?post=52463"}],"version-history":[{"count":0,"href":"https:\/\/www.europesays.com\/ee\/wp-json\/wp\/v2\/posts\/52463\/revisions"}],"wp:featuredmedia":[{"embeddable":true,"href":"https:\/\/www.europesays.com\/ee\/wp-json\/wp\/v2\/media\/52464"}],"wp:attachment":[{"href":"https:\/\/www.europesays.com\/ee\/wp-json\/wp\/v2\/media?parent=52463"}],"wp:term":[{"taxonomy":"category","embeddable":true,"href":"https:\/\/www.europesays.com\/ee\/wp-json\/wp\/v2\/categories?post=52463"},{"taxonomy":"post_tag","embeddable":true,"href":"https:\/\/www.europesays.com\/ee\/wp-json\/wp\/v2\/tags?post=52463"}],"curies":[{"name":"wp","href":"https:\/\/api.w.org\/{rel}","templated":true}]}}