{"id":52595,"date":"2025-11-28T12:08:19","date_gmt":"2025-11-28T12:08:19","guid":{"rendered":"https:\/\/www.europesays.com\/ee\/52595\/"},"modified":"2025-11-28T12:08:19","modified_gmt":"2025-11-28T12:08:19","slug":"mojuisikut-reklaamis-kasutanud-turismiklaster-roomustab-suure-tahelepanu-ule-majandus","status":"publish","type":"post","link":"https:\/\/www.europesays.com\/ee\/52595\/","title":{"rendered":"M\u00f5juisikut reklaamis kasutanud turismiklaster r\u00f5\u00f5mustab suure t\u00e4helepanu \u00fcle | Majandus"},"content":{"rendered":"<p>Viimastel p\u00e4evadel on sotsiaalmeedias palju t\u00e4helepanu p\u00e4lvinud L\u00f5una-Eesti turismiklastri reklaamfilm j\u00f5uludest L\u00f5una-Eestis, milles teeb kaasa sotsiaalmeedia m\u00f5juisik Brigitte Susanne Hunt. Klastri esindaja s\u00f5nul valiti Hunt reklaamn\u00e4oks tema sobivuse t\u00f5ttu ameerikalikku formaati ning klipi valmimiseks kulus alla 10 000 euro.<\/p>\n<p>Kolm p\u00e4eva tagasi <a href=\"https:\/\/www.youtube.com\/watch?v=0PIWYTSh1tU\" target=\"_blank\" rel=\"noopener nofollow\">Youtube&#8217;i<\/a> laetud klippi &#8220;J\u00f5ulud L\u00f5una-Eestis: V\u00e4ikesed linnad, suured armastuslood&#8221; on neljap\u00e4eva hommikuks vaadatud \u00fcle 57 000 korra.<\/p>\n<p>\u00dcks idee ja stsenaariumi autoreid, L\u00f5una-Eesti turismiklastri kommunikatsioonijuht Liis Hainla \u00fctles ERR-ile, et reklaami eesm\u00e4rk on lihtne: kutsuda inimesi veetma j\u00f5ulupuhkust L\u00f5una-Eestis.<\/p>\n<p>&#8220;Hallmarki j\u00f5ulufilmide temaatika andis meile v\u00f5imaluse tutvustada L\u00f5una-Eesti v\u00e4ikelinnasid l\u00e4bi huumori ja heas\u00fcdamliku satiiri. Oleme v\u00e4ga r\u00f5\u00f5msad, et see reklaam on nii palju positiivset t\u00e4helepanu p\u00e4lvinud,&#8221; s\u00f5nas Hainla.<\/p>\n<p>Hainla lisas, et Hunt valiti video naispeategelaseks seep\u00e4rast, et reklaamklipi idee sobitus h\u00e4sti tema &#8220;Vallalise kaunitari&#8221; rolliga, mis on sarnaselt ameerikalik ja romantiline formaat.<\/p>\n<p>&#8220;Oma enesekindluse ja hea huumoritajuga kandis ta rolli h\u00e4sti v\u00e4lja. Samuti sobis tema k\u00f5rvale ideaalselt Erik Vent, kes kehastab lihtsat ja toredat flanells\u00e4rgis V\u00f5ru poissi,&#8221; lisas Hainla.<\/p>\n<p>Koos n\u00e4itlejate tasudega maksis reklaami valmistamine tema s\u00f5nul alla 10 000 euro, kuna loovagentuuri kampaaniasse ei kaasatud. Reklaam filmiti \u00fche v\u00f5ttep\u00e4evaga, sest kulusid taheti v\u00f5imalikult madalal hoida.<\/p>\n<p>&#8220;Lisan ka, et rahastasime reklaami ainult meie klastrisse kuuluvate ettev\u00f5tete liikmemaksudest. Video\u00a0eesm\u00e4rk on meelitada k\u00fclastajaid meie kampaanialehele joulud.visitsouthestonia.com, kus on linnade kaupa v\u00e4lja toodud erinevad \u00e4gedad hotellid, restoranid ja tegevused L\u00f5una-Eestis, mis loodetavasti inspireerivad inimesi meile k\u00fclla tulema,&#8221; s\u00f5nas Hainla.<\/p>\n<p>Kommunikatsioonijuhi s\u00f5nul on nende l\u00f5ppeesm\u00e4rk alati k\u00fclastajate kasv, selle nimel tehakse k\u00f5vasti t\u00f6\u00f6d ja j\u00e4lgitakse hoolikalt majutusstatistikat.<\/p>\n<p>&#8220;Teame samas, et video vaatamise ja L\u00f5una-Eestisse tuleku vahele j\u00e4\u00e4b veel \u00fcpris pikk ja kaootiline k\u00fclastajateekond. Seega saame vaid loota, et kui keegi puhkust planeerib, oleme t\u00e4nu kampaaniale tal esimesena meeles. Et L\u00f5una-Eesti seostuks talle p\u00fchadeaja ja talver\u00f5\u00f5mudega,&#8221; lausus Hainla.<\/p>\n<p>L\u00f5una-Eesti turismiklaster tegutseb alates 2021. aastast, mil see turismiettev\u00f5tjate ja kohalike omavalitsuste ning v\u00f5rgustike koost\u00f6\u00f6s loodi.<\/p>\n<p>2023. aastal \u00fchendati maakondlike arenduskeskuste turismit\u00f6\u00f6tajad \u00fche juhtimise alla ning nii lisandus klastri alla laiem L\u00f5una-Eesti-\u00fclene turismikoost\u00f6\u00f6.<\/p>\n<p>Nende tegevusi rahastab lisaks omavalitsustele, maakondlikele arenduskeskustele ja klastri liikmetele ka ettev\u00f5tluse ja innovatsiooni sihtasutus (EISA).<\/p>\n<p>EISA toetus kokku on 1,9 miljonit eurot aastas<\/p>\n<p>EISA toetab Eesti sihtkohti arendavaid turismiorganisatsioone aastas 1,9 miljoni euroga.<\/p>\n<p>Sihtasutuse kommunikatsioonispetsialist Piret Malv r\u00f5hutas, et selle siht on aidata eri piirkondade ettev\u00f5tetel oma teenuseid v\u00e4listurule atraktiivsemaks muuta.<\/p>\n<p>Nimelt on k\u00f5ik EISA toetused ja programmid suunatud Eesti eksporditulu suurendamisele turismist ehk v\u00e4listuristide k\u00fclastuste kasvatamisele.<\/p>\n<p>&#8220;Siseturistidele pakume ainult reisiinspiratsiooni riiklikus turismiinfoportaalis puhkaeestis.ee,&#8221; lisas Malv.<\/p>\n","protected":false},"excerpt":{"rendered":"Viimastel p\u00e4evadel on sotsiaalmeedias palju t\u00e4helepanu p\u00e4lvinud L\u00f5una-Eesti turismiklastri reklaamfilm j\u00f5uludest L\u00f5una-Eestis, milles teeb kaasa sotsiaalmeedia m\u00f5juisik Brigitte&hellip;\n","protected":false},"author":2,"featured_media":52596,"comment_status":"","ping_status":"","sticky":false,"template":"","format":"standard","meta":{"footnotes":"","_share_on_mastodon":"0"},"categories":[5],"tags":[26,27,967,25864,37,33,35,2987,34,36,31,32,21,26739,28,29,26738,588,19,25,1250,664,5581,23,24,3436,65,22,20,30],"class_list":["post-52595","post","type-post","status-publish","format-standard","has-post-thumbnail","category-uldised-uudised","tag-breaking-news","tag-breakingnews","tag-brigitte-susanne-hunt","tag-bsh","tag-ee","tag-eesti","tag-eesti-keel","tag-eisa","tag-estonia","tag-estonian","tag-featured-news","tag-featurednews","tag-headlines","tag-joulud-louna-eestis","tag-latest-news","tag-latestnews","tag-louna-eesti-turismiklaster","tag-meedia","tag-news","tag-populaarseimad-lood","tag-reisimine","tag-reklaam","tag-siseturism","tag-top-stories","tag-topstories","tag-turism","tag-turundus","tag-uldised-uudised","tag-uudised","tag-viimased-uudised"],"share_on_mastodon":{"url":"https:\/\/pubeurope.com\/@ee\/115627249115365013","error":""},"_links":{"self":[{"href":"https:\/\/www.europesays.com\/ee\/wp-json\/wp\/v2\/posts\/52595","targetHints":{"allow":["GET"]}}],"collection":[{"href":"https:\/\/www.europesays.com\/ee\/wp-json\/wp\/v2\/posts"}],"about":[{"href":"https:\/\/www.europesays.com\/ee\/wp-json\/wp\/v2\/types\/post"}],"author":[{"embeddable":true,"href":"https:\/\/www.europesays.com\/ee\/wp-json\/wp\/v2\/users\/2"}],"replies":[{"embeddable":true,"href":"https:\/\/www.europesays.com\/ee\/wp-json\/wp\/v2\/comments?post=52595"}],"version-history":[{"count":0,"href":"https:\/\/www.europesays.com\/ee\/wp-json\/wp\/v2\/posts\/52595\/revisions"}],"wp:featuredmedia":[{"embeddable":true,"href":"https:\/\/www.europesays.com\/ee\/wp-json\/wp\/v2\/media\/52596"}],"wp:attachment":[{"href":"https:\/\/www.europesays.com\/ee\/wp-json\/wp\/v2\/media?parent=52595"}],"wp:term":[{"taxonomy":"category","embeddable":true,"href":"https:\/\/www.europesays.com\/ee\/wp-json\/wp\/v2\/categories?post=52595"},{"taxonomy":"post_tag","embeddable":true,"href":"https:\/\/www.europesays.com\/ee\/wp-json\/wp\/v2\/tags?post=52595"}],"curies":[{"name":"wp","href":"https:\/\/api.w.org\/{rel}","templated":true}]}}