{"id":53026,"date":"2025-11-28T23:33:13","date_gmt":"2025-11-28T23:33:13","guid":{"rendered":"https:\/\/www.europesays.com\/ee\/53026\/"},"modified":"2025-11-28T23:33:13","modified_gmt":"2025-11-28T23:33:13","slug":"7aastane-laps-voib-uue-seaduse-joustumisel-tootada-5-6-tundi-paevas-koolivalisel-paeval-ja-30-tundi-nadalas-vaheajal-eesti-ekspress","status":"publish","type":"post","link":"https:\/\/www.europesays.com\/ee\/53026\/","title":{"rendered":"7aastane laps v\u00f5ib uue seaduse j\u00f5ustumisel t\u00f6\u00f6tada 5\u20136 tundi p\u00e4evas kooliv\u00e4lisel p\u00e4eval ja 30 tundi n\u00e4dalas vaheajal &#8211; Eesti Ekspress"},"content":{"rendered":"<ol>\n<li><a href=\"https:\/\/news.google.com\/rss\/articles\/CBMitgRBVV95cUxPQ1BiLS1kSHVqOS1uZ0JkOWxrQmR0QTVCUk80SkFOVklnNnNJM1NMWDNPMDFUU0JISk5nMzBCMWFUNmprNzZGdk5vN011eDBNU3o4eWxYODlnZlNqbTFhdjdjUkNXYXRRNDI0b0hGTGFySXlXeFFnUkhSeWoxdWhjRTZOVWh4QnEzd1pQWDFNdnRMVElLNXdULWNiQzFGQU5IeERua1prb1ZCMHNtU2xkLTJyV0dRTkJVaHV3ZlZDYWMtcUVUeGlwMXpFNmM5YmdvLUJnbS1pWDg5V1hoYjItNkswMFVpQWZ2Z18xQ1YtVW5ZVmt2U1dydmlWV05XTnNaM1Z1U18zZk1SZnZIRDcwdmo5anU4VktfYnlYUWlyTHRKcUFtVUlTbGFteEZ3ZC0tYkFDQ2hzeTE2MUowY1ZKdjhQM2RrQWJxRHFabjlFMDNDVnJyMXdiczNfRGNWVFJwaEhqM21qZGVpWEJzVmw4UEFaUlBMbjdoNldZaXJmMHpIWkdXZWQzNkQyLUJyRnhGUXZPTDJSNjVqOUVkUHRrUHNuamJKVjEyVmh4U285MEp3MHIycUlBYkZSbHZqOXBiajdmQ1Jtc3hqVldWRm1MbG1jWVhiY3dWWkV5bG4td0RqU2QtU3Y3bFVZTVJLSkJPeHZGQ1diZTBZZ3BpWjdtYmk3OWtoUm5tam9UVEZRU0J4VUQzVmlmbUVSTW55TXhvWno3TjFhVUQtN2pZLVo1eVN4UjlfZw?oc=5\" target=\"_blank\" rel=\"nofollow noopener\">7aastane laps v\u00f5ib uue seaduse j\u00f5ustumisel t\u00f6\u00f6tada 5\u20136 tundi p\u00e4evas kooliv\u00e4lisel p\u00e4eval ja 30 tundi n\u00e4dalas vaheajal<\/a>&nbsp;&nbsp;Eesti Ekspress<\/li>\n<li><a href=\"https:\/\/news.google.com\/rss\/articles\/CBMimAFBVV95cUxQLW1tSVB3a1QwTU11dVF5TG12cWJBdkV4WkxZVGVILXR5bDdVRm03TVFWaHE1cjdmVEUwa2FaQ0pNcHBfbzlfN0xpVTM2cUJvRXRGS3d4VG1hZ1E1ZXVDR1hjdGZPaUZnMklmdTNjc0xLc2p3cV91ZHkwakl6MkdYaTk1SjQ0OUtGUkZOdC1wTkhYMVFsWWhoUg?oc=5\" target=\"_blank\" rel=\"nofollow noopener\">Kas me t\u00f5esti tahame, et 10-aastased t\u00f6\u00f6taksid 30 tundi n\u00e4dalas?<\/a>&nbsp;&nbsp;\u00d5petajate Leht<\/li>\n<li><a href=\"https:\/\/news.google.com\/rss\/articles\/CBMilgFBVV95cUxQem5YTWF0TWhmeXRVWVNDTHhoalBIMmJuTnBLaE1ZbTdidmZKQXJLa1dFQzFVRTZVOUtqMVRvc05ZLUJ6U3BwMjYzU2t6c2RCMVhabUNfMEt5c3lYeV8yRkdUMkdCamF1WEM4WTVTclJSZmpCRGE5Vkg4QVdvbjZzdTRYZDVFQ0p1emx4dXVmZGxyVFhnV1E?oc=5\" target=\"_blank\" rel=\"nofollow noopener\">Riigikogu otsustas leevendada alaealiste t\u00f6\u00f6aja piiranguid<\/a>&nbsp;&nbsp;\u00d5petajate Leht<\/li>\n<li><a href=\"https:\/\/news.google.com\/rss\/articles\/CBMinAFBVV95cUxNSTV6ek9mdjM1aU1ITnQ2T2QxZVd5WWFmRnlYUDVMUWQ1NFRWOVZjTDlDRUIxZDhGZTREVG5hc3Q4TVhqQVpjSzZXVG5kSldjR3lXR2xWSldRY0gyU2duWC1yMHUwVEFLOExsNFVyT0ZFV1Qyc3ZEYVJsUXJJRWl3OEN5WkotS25uRWtVdEdwazJrRlhncVU4VXZ2TnE?oc=5\" target=\"_blank\" rel=\"nofollow noopener\">Vanus: seitse. T\u00f6\u00f6aeg: 6 tundi p\u00e4evas, 30 tundi n\u00e4dalas<\/a>&nbsp;&nbsp;Eesti Ekspress<\/li>\n<li><a href=\"https:\/\/news.google.com\/rss\/articles\/CBMizgFBVV95cUxNNVl2VVNkNGIzSmVtM29ucDJXRkZhRS1HbjBDZjZkN0dUcVBFTWs0SjVjVk1SYUdLOVA0dmVuNW9wSFdVeHZIMjctVFRpY214VktucVUwY2VRd1VBay1iVndFemJWd2ZnTzAwMWZKR0NHQXRnU09Yc2dLLWcwMTgteHlVb2dGSWVDTHZEUUxCeXY5cXYwRHYxZGl2VnZSV1VGN1VhZFdwS3p5dWRyOFZuQjZYX3liQnlrM2lRMERscGp3ZEFwUlF1T3FNMzVGQQ?oc=5\" target=\"_blank\" rel=\"nofollow noopener\">Lastekaitse Liit tegi Vabariigi Presidendile p\u00f6\u00f6rdumise seoses t\u00f6\u00f6lepingu seaduse muutmisega<\/a>&nbsp;&nbsp;Tre Raadio<\/li>\n<\/ol>\n","protected":false},"excerpt":{"rendered":"7aastane laps v\u00f5ib uue seaduse j\u00f5ustumisel t\u00f6\u00f6tada 5\u20136 tundi p\u00e4evas kooliv\u00e4lisel p\u00e4eval ja 30 tundi n\u00e4dalas vaheajal&nbsp;&nbsp;Eesti Ekspress&hellip;\n","protected":false},"author":2,"featured_media":53027,"comment_status":"","ping_status":"","sticky":false,"template":"","format":"standard","meta":{"footnotes":""},"categories":[12],"tags":[26,27,37,33,35,2197,34,36,31,32,21,26929,3704,28,29,19,25,674,23,24,22,20,26928,30],"class_list":{"0":"post-53026","1":"post","2":"type-post","3":"status-publish","4":"format-standard","5":"has-post-thumbnail","7":"category-eesti","8":"tag-breaking-news","9":"tag-breakingnews","10":"tag-ee","11":"tag-eesti","12":"tag-eesti-keel","13":"tag-erkki-keldo","14":"tag-estonia","15":"tag-estonian","16":"tag-featured-news","17":"tag-featurednews","18":"tag-headlines","19":"tag-karmen-maikalu","20":"tag-lapsed","21":"tag-latest-news","22":"tag-latestnews","23":"tag-news","24":"tag-populaarseimad-lood","25":"tag-too","26":"tag-top-stories","27":"tag-topstories","28":"tag-uldised-uudised","29":"tag-uudised","30":"tag-vaheaeg","31":"tag-viimased-uudised"},"share_on_mastodon":{"url":"https:\/\/pubeurope.com\/@ee\/115629942589293376","error":""},"_links":{"self":[{"href":"https:\/\/www.europesays.com\/ee\/wp-json\/wp\/v2\/posts\/53026","targetHints":{"allow":["GET"]}}],"collection":[{"href":"https:\/\/www.europesays.com\/ee\/wp-json\/wp\/v2\/posts"}],"about":[{"href":"https:\/\/www.europesays.com\/ee\/wp-json\/wp\/v2\/types\/post"}],"author":[{"embeddable":true,"href":"https:\/\/www.europesays.com\/ee\/wp-json\/wp\/v2\/users\/2"}],"replies":[{"embeddable":true,"href":"https:\/\/www.europesays.com\/ee\/wp-json\/wp\/v2\/comments?post=53026"}],"version-history":[{"count":0,"href":"https:\/\/www.europesays.com\/ee\/wp-json\/wp\/v2\/posts\/53026\/revisions"}],"wp:featuredmedia":[{"embeddable":true,"href":"https:\/\/www.europesays.com\/ee\/wp-json\/wp\/v2\/media\/53027"}],"wp:attachment":[{"href":"https:\/\/www.europesays.com\/ee\/wp-json\/wp\/v2\/media?parent=53026"}],"wp:term":[{"taxonomy":"category","embeddable":true,"href":"https:\/\/www.europesays.com\/ee\/wp-json\/wp\/v2\/categories?post=53026"},{"taxonomy":"post_tag","embeddable":true,"href":"https:\/\/www.europesays.com\/ee\/wp-json\/wp\/v2\/tags?post=53026"}],"curies":[{"name":"wp","href":"https:\/\/api.w.org\/{rel}","templated":true}]}}