{"id":53051,"date":"2025-11-29T03:21:07","date_gmt":"2025-11-29T03:21:07","guid":{"rendered":"https:\/\/www.europesays.com\/ee\/53051\/"},"modified":"2025-11-29T03:21:07","modified_gmt":"2025-11-29T03:21:07","slug":"delfi-sloveenias-nopped-koondise-voidust-vastased-loikasid-nappu-drell-tegi-rekordi-ja-rannula-joonistas-lisaaja","status":"publish","type":"post","link":"https:\/\/www.europesays.com\/ee\/53051\/","title":{"rendered":"DELFI SLOVEENIAS | Nopped koondise v\u00f5idust: vastased l\u00f5ikasid n\u00e4ppu, Drell tegi rekordi ja Rannula joonistas lisaaja"},"content":{"rendered":"<p>Paljud m\u00e4ngud, kus korraks ollakse seitsmendas taevas ja hetk hiljem tahaks pisar silma tulla, on kukkunud vastastele. L\u00e4hiajaloo v\u00f5itudest konkureerib eile Koperis juhtunuga ehk 2012. aasta m\u00e4ng Iisraeli vastu, mille otsustas Gert Dorbeki kolmepunktivise.<\/p>\n<p>Seekord tabasid vajalikel hetkdel Henri Drell ja Kristian Kullam\u00e4e. Drelli otse \u00f5hust korv viis kohtumise seisul 79:79 lisaajale. Seal leidis Eesti ennast k\u00fcmmekond sekundit enne l\u00f5ppu 89:93 kaotusseisust. Drell v\u00e4hendas r\u00fcndelaua j\u00e4rel vahe kahele punktile ning sloveenide vales\u00f6\u00f6t j\u00f5udis l\u00f5puks Kullam\u00e4e k\u00e4tte, kes sopsas nurgast kolmese.<\/p>\n<p>Kuid mat\u0161 oleks v\u00f5inud l\u00f5ppeda hoopis v\u00e4iksema n\u00e4rvirakkude kulumise hinnaga.<\/p>\n<p>Delfi 8 t\u00e4helepanekut Sloveenia &#8211; Eesti m\u00e4ngust<\/p>\n<p>Oled juba tellija?  Logi sisse <\/p>\n<p>       <a href=\"https:\/\/sport.delfi.ee\/artikkel\/120420373\/delfi-sloveenias-nopped-koondise-voidust-vastased-loikasid-nappu-drell-tegi-rekordi-ja-rannula-joonistas-lisaaja\/kommentaarid\" class=\"article-body-bottom__comment article-body-bottom__comment--write button button--primary button--size-auto\" rel=\"nofollow noopener\" target=\"_blank\"><br \/>\n        Kommenteeri<br \/>\n       <\/a> <a href=\"https:\/\/sport.delfi.ee\/artikkel\/120420373\/delfi-sloveenias-nopped-koondise-voidust-vastased-loikasid-nappu-drell-tegi-rekordi-ja-rannula-joonistas-lisaaja\/kommentaarid\" class=\"article-body-bottom__comment article-body-bottom__comment--read button button--size-auto\" rel=\"nofollow noopener\" target=\"_blank\"><br \/>\n        Loe kommentaare  <\/a>  <\/p>\n","protected":false},"excerpt":{"rendered":"Paljud m\u00e4ngud, kus korraks ollakse seitsmendas taevas ja hetk hiljem tahaks pisar silma tulla, on kukkunud vastastele. L\u00e4hiajaloo&hellip;\n","protected":false},"author":2,"featured_media":53052,"comment_status":"","ping_status":"","sticky":false,"template":"","format":"standard","meta":{"footnotes":""},"categories":[18],"tags":[37,33,35,3119,34,36,1180,41,159,158],"class_list":{"0":"post-53051","1":"post","2":"type-post","3":"status-publish","4":"format-standard","5":"has-post-thumbnail","7":"category-sport","8":"tag-ee","9":"tag-eesti","10":"tag-eesti-keel","11":"tag-eesti-korvpallikoondis","12":"tag-estonia","13":"tag-estonian","14":"tag-heiko-rannula","15":"tag-henri-drell","16":"tag-sport","17":"tag-sports"},"share_on_mastodon":{"url":"https:\/\/pubeurope.com\/@ee\/115630839120199457","error":""},"_links":{"self":[{"href":"https:\/\/www.europesays.com\/ee\/wp-json\/wp\/v2\/posts\/53051","targetHints":{"allow":["GET"]}}],"collection":[{"href":"https:\/\/www.europesays.com\/ee\/wp-json\/wp\/v2\/posts"}],"about":[{"href":"https:\/\/www.europesays.com\/ee\/wp-json\/wp\/v2\/types\/post"}],"author":[{"embeddable":true,"href":"https:\/\/www.europesays.com\/ee\/wp-json\/wp\/v2\/users\/2"}],"replies":[{"embeddable":true,"href":"https:\/\/www.europesays.com\/ee\/wp-json\/wp\/v2\/comments?post=53051"}],"version-history":[{"count":0,"href":"https:\/\/www.europesays.com\/ee\/wp-json\/wp\/v2\/posts\/53051\/revisions"}],"wp:featuredmedia":[{"embeddable":true,"href":"https:\/\/www.europesays.com\/ee\/wp-json\/wp\/v2\/media\/53052"}],"wp:attachment":[{"href":"https:\/\/www.europesays.com\/ee\/wp-json\/wp\/v2\/media?parent=53051"}],"wp:term":[{"taxonomy":"category","embeddable":true,"href":"https:\/\/www.europesays.com\/ee\/wp-json\/wp\/v2\/categories?post=53051"},{"taxonomy":"post_tag","embeddable":true,"href":"https:\/\/www.europesays.com\/ee\/wp-json\/wp\/v2\/tags?post=53051"}],"curies":[{"name":"wp","href":"https:\/\/api.w.org\/{rel}","templated":true}]}}