{"id":53057,"date":"2025-11-29T03:45:23","date_gmt":"2025-11-29T03:45:23","guid":{"rendered":"https:\/\/www.europesays.com\/ee\/53057\/"},"modified":"2025-11-29T03:45:23","modified_gmt":"2025-11-29T03:45:23","slug":"putin-kiitis-kremlisse-saabunud-orbani-kaalutletud-positsiooni-ukraina-asjus","status":"publish","type":"post","link":"https:\/\/www.europesays.com\/ee\/53057\/","title":{"rendered":"Putin kiitis Kremlisse saabunud Orb\u00e1ni \u201ekaalutletud positsiooni\u201c Ukraina asjus"},"content":{"rendered":"<p>Vene poolelt v\u00f5tavad kohtumisest osa veel Putini abi <a rel=\"noopener nofollow\" target=\"_blank\" href=\"https:\/\/www.delfi.ee\/teema\/96869656\/juri-usakov\" tag-id=\"96869656\">Juri U\u0161akov<\/a>, asepeaminister Aleksandr Novak ja v\u00e4lisminister <a rel=\"noopener nofollow\" target=\"_blank\" href=\"https:\/\/www.delfi.ee\/teema\/56498000\/sergei-lavrov\" tag-id=\"56498000\">Sergei Lavrov<\/a>, vahendab Interfax.<\/p>\n<p>Enne Orb\u00e1ni ja Putini kohtumist r\u00e4\u00e4kisid omavahel 45 minutit v\u00e4lisministrid P\u00e9ter Szijj\u00e1rt\u00f3 ja Lavrov.<\/p>\n<p>Putin kiitis Orb\u00e1ni \u201ekaalutletud positsiooni\u201c <a rel=\"noopener nofollow\" target=\"_blank\" href=\"https:\/\/www.delfi.ee\/teema\/25048531\/ukraina\" tag-id=\"25048531\">Ukraina<\/a> asjus.<\/p>\n<p>\u201eMe teame teie kaalutletud positsiooni Ukraina problemaatikas,\u201c lausus Putin.<\/p>\n<p>Putin m\u00e4rkis, et tal on r\u00f5\u00f5m Orb\u00e1ni <a rel=\"noopener nofollow\" target=\"_blank\" href=\"https:\/\/www.delfi.ee\/teema\/22871535\/moskva\" tag-id=\"22871535\">Moskvas<\/a> n\u00e4ha.<\/p>\n<p>\u201eMe oleme teiega kontaktis, r\u00e4\u00e4gime telefoni teel. Meie kolleegid suhtlevad pidevalt. Mul on v\u00e4ga meeldiv m\u00e4rkida, et vaatamata t\u00e4nase p\u00e4eva k\u00f5igile raskustele on meie suhted s\u00e4ilinud ja arenevad j\u00e4tkuvalt,\u201c \u00fctles Putin.<\/p>\n<p>\u201eMeie vaateid m\u00f5ningatele asjadele, sealhulgas rahvusvahelisele p\u00e4evakorrale, ei pruugi kokku langeda. Aga igal juhul on meil kujunenud selline \u00f5hkkond, mis lubab meil avameelselt r\u00e4\u00e4kida ja arutada mis iganes k\u00fcsimusi. See annab meile v\u00f5imaluse mitte ainult r\u00e4\u00e4kida, vaid ka otsida lahendusi mistahes probleemidele,\u201c lisas Putin.<\/p>\n<p>Orb\u00e1n avaldas lootust, et hiljuti tehtud algatused viivad Ukrainas rahuni, ja teatas taas, et <a rel=\"noopener nofollow\" target=\"_blank\" href=\"https:\/\/www.delfi.ee\/teema\/57254588\/budapest\" tag-id=\"57254588\">Budapest<\/a> on valmis pakkuma kohta l\u00e4bir\u00e4\u00e4kimisteks.<\/p>\n<p>\u201eUngari on huvitatud rahust ja me loodame siiralt, et hiljuti avaldatud rahualgatused viivad l\u00f5puks rahu endani,\u201c \u00fctles Orb\u00e1n. \u201eMeie t\u00e4nane kohtumine annab mulle v\u00f5imaluse kinnitada, h\u00e4rra president, et Ungari on valmis andma platvormi sellisteks l\u00e4bir\u00e4\u00e4kimisteks ja on valmis kaasa aitama selle protsessi edukale l\u00f5pule viimisele.\u201c<\/p>\n<p>\u201eAit\u00e4h selle eest, et te reageerisite nii v\u00f5imalikule kohtumisele minu ja <a rel=\"noopener nofollow\" target=\"_blank\" href=\"https:\/\/www.delfi.ee\/teema\/22971743\/usa\" tag-id=\"22971743\">USA<\/a> presidendi vahel just teie riigis. See oli Donaldi ettepanek. Ta \u00fctles kohe: \u201eMeil on head suhted Ungariga, sinul on Viktoriga head suhted ja ka minul. Pakun seda varianti.\u201c Meie loomulikult n\u00f5ustusime hea meelega,\u201c vastas Putin.<\/p>\n<p>\u201eKui meie l\u00e4bir\u00e4\u00e4kimiste k\u00e4igus j\u00f5uab asi Budapesti platvormi kasutamiseni, olen ma ka selle \u00fcle v\u00e4ga r\u00f5\u00f5mus ja tahan teid t\u00e4nada valmisoleku eest kaasa aidata,\u201c lisas Putin.<\/p>\n<p>Orb\u00e1n teatas veel, et Vene energiakandjate stabiilsed tarned on Ungari energiajulgeoleku alus.<\/p>\n<p>\u201eUngari energiajulgeoleku aluse minevikus, olevikus on tulevikus moodustavad Vene energiakandjate stabiilsed tarned. Me hindame k\u00f5rgelt Vene energiatarnete stabiilsust ja ettearvatavust. Ungari on huvitatud energiadialoogist teie riigiga,\u201c \u00fctles Orb\u00e1n.<\/p>\n<p>      Kuidas see lugu Sind end tundma pani?<br \/>\n        Saada<br \/>\n           <a href=\"https:\/\/www.delfi.ee\/artikkel\/120420243\/putin-kiitis-kremlisse-saabunud-orbani-kaalutletud-positsiooni-ukraina-asjus\/kommentaarid\" class=\"article-body-bottom__comment article-body-bottom__comment--write button button--primary button--size-auto\" rel=\"nofollow noopener\" target=\"_blank\"><br \/>\n        Kommenteeri<br \/>\n       <\/a> <a href=\"https:\/\/www.delfi.ee\/artikkel\/120420243\/putin-kiitis-kremlisse-saabunud-orbani-kaalutletud-positsiooni-ukraina-asjus\/kommentaarid\" class=\"article-body-bottom__comment article-body-bottom__comment--read button button--size-auto\" rel=\"nofollow noopener\" target=\"_blank\"><br \/>\n        Loe kommentaare (45) <\/a>  <\/p>\n","protected":false},"excerpt":{"rendered":"Vene poolelt v\u00f5tavad kohtumisest osa veel Putini abi Juri U\u0161akov, asepeaminister Aleksandr Novak ja v\u00e4lisminister Sergei Lavrov, vahendab&hellip;\n","protected":false},"author":2,"featured_media":53058,"comment_status":"","ping_status":"","sticky":false,"template":"","format":"standard","meta":{"footnotes":""},"categories":[80],"tags":[26,27,1351,37,33,35,34,36,31,32,21,12329,103,28,29,95,108,19,25,3795,23,24,262,22,118,325,20,96,30,3796,661,92,93,94],"class_list":{"0":"post-53057","1":"post","2":"type-post","3":"status-publish","4":"format-standard","5":"has-post-thumbnail","7":"category-maailm","8":"tag-breaking-news","9":"tag-breakingnews","10":"tag-budapest","11":"tag-ee","12":"tag-eesti","13":"tag-eesti-keel","14":"tag-estonia","15":"tag-estonian","16":"tag-featured-news","17":"tag-featurednews","18":"tag-headlines","19":"tag-juri-usakov","20":"tag-kreml","21":"tag-latest-news","22":"tag-latestnews","23":"tag-maailm","24":"tag-moskva","25":"tag-news","26":"tag-populaarseimad-lood","27":"tag-sergei-lavrov","28":"tag-top-stories","29":"tag-topstories","30":"tag-ukraina","31":"tag-uldised-uudised","32":"tag-ungari","33":"tag-usa","34":"tag-uudised","35":"tag-venemaa","36":"tag-viimased-uudised","37":"tag-viktor-orban","38":"tag-vladimir-putin","39":"tag-world","40":"tag-world-news","41":"tag-worldnews"},"share_on_mastodon":{"url":"https:\/\/pubeurope.com\/@ee\/115630933463571400","error":""},"_links":{"self":[{"href":"https:\/\/www.europesays.com\/ee\/wp-json\/wp\/v2\/posts\/53057","targetHints":{"allow":["GET"]}}],"collection":[{"href":"https:\/\/www.europesays.com\/ee\/wp-json\/wp\/v2\/posts"}],"about":[{"href":"https:\/\/www.europesays.com\/ee\/wp-json\/wp\/v2\/types\/post"}],"author":[{"embeddable":true,"href":"https:\/\/www.europesays.com\/ee\/wp-json\/wp\/v2\/users\/2"}],"replies":[{"embeddable":true,"href":"https:\/\/www.europesays.com\/ee\/wp-json\/wp\/v2\/comments?post=53057"}],"version-history":[{"count":0,"href":"https:\/\/www.europesays.com\/ee\/wp-json\/wp\/v2\/posts\/53057\/revisions"}],"wp:featuredmedia":[{"embeddable":true,"href":"https:\/\/www.europesays.com\/ee\/wp-json\/wp\/v2\/media\/53058"}],"wp:attachment":[{"href":"https:\/\/www.europesays.com\/ee\/wp-json\/wp\/v2\/media?parent=53057"}],"wp:term":[{"taxonomy":"category","embeddable":true,"href":"https:\/\/www.europesays.com\/ee\/wp-json\/wp\/v2\/categories?post=53057"},{"taxonomy":"post_tag","embeddable":true,"href":"https:\/\/www.europesays.com\/ee\/wp-json\/wp\/v2\/tags?post=53057"}],"curies":[{"name":"wp","href":"https:\/\/api.w.org\/{rel}","templated":true}]}}