{"id":53069,"date":"2025-11-29T05:45:08","date_gmt":"2025-11-29T05:45:08","guid":{"rendered":"https:\/\/www.europesays.com\/ee\/53069\/"},"modified":"2025-11-29T05:45:08","modified_gmt":"2025-11-29T05:45:08","slug":"ajakaristuse-saanud-ja-liidrikoha-kaotanud-fourmaux-ma-ei-tea-mis-juhtus-postimees-sport","status":"publish","type":"post","link":"https:\/\/www.europesays.com\/ee\/53069\/","title":{"rendered":"Ajakaristuse saanud ja liidrikoha kaotanud Fourmaux: ma ei tea, mis juhtus &#8211; Postimees Sport"},"content":{"rendered":"<ol>\n<li><a href=\"https:\/\/news.google.com\/rss\/articles\/CBMiqwFBVV95cUxQMkZDTl9pbFdkNm1HUko1b0s3aHo2S25XbDI5SXFvbnRjcmM2NjZ4T1dZaW5WTEJ0R1RVX2xob09VT1ZwQTl5dFFZLXd4YkJyNVg2b2FjcnRQb0REMWtVZnhwZ1J2REpwMnZQc0xHOU5EWWpzSVppeUVZVmpNMnY2TXNTOHZRQTVkUVVJdHpIa3V4Mm16YmpSSjFTemRrdEdBYUZDVjAyM210T0U?oc=5\" target=\"_blank\" rel=\"nofollow noopener\">Ajakaristuse saanud ja liidrikoha kaotanud Fourmaux: ma ei tea, mis juhtus<\/a>&nbsp;&nbsp;Postimees Sport<\/li>\n<li><a href=\"https:\/\/news.google.com\/rss\/articles\/CBMi4AFBVV95cUxPcFNaa2RGTnJwY0Z5U2VuQWl3eXU4djJuRTh1R01ncDJpYVQ1OVV5d1RITzdSYXByN1dkb2VpUjhBWF8wSVFObmxuQVJkSEFubWppS3I4YndCS0xKNS1DUGNlS0w3T1BqYjl2U1pqblVmWlJIMWFabnQ5cmVjZkYzOTMtNTBBQU52RlFMR0RIY1RxUkJ4ejRKaGI1SmxRcFVQWXhFblI1QnVYT055NktOSzBrbW1IRG5HV28tRllhbHRmdGdXZkkteWg4Y2NOMU9iYmk0d3IyM0JHZjYta2V0dw?oc=5\" target=\"_blank\" rel=\"nofollow noopener\">Enneaegne ajakontrolli sisenemine t\u00f5i rallit juhtinud Fourmaux\u2019le hullu p\u00e4eva l\u00f5puks minutilise karistuse<\/a>&nbsp;&nbsp;Delfi Sport<\/li>\n<li><a href=\"https:\/\/news.google.com\/rss\/articles\/CBMisgFBVV95cUxOYkhXR05RbmtVOElYaG8zNHMyNGxZSHk2ZzA2TlVfTzdfUFlZSzRSRGRaUHZEMUZBTlFWcl9SZkF5eXNiWG95T0hWbVFOZUxKMlBvOXFvT2JwTE5UNXFmTXJXcEN1ZGhYcXB6QzRmZkU1ckZFRWRnTk5DVDVjWVVBbzZNcUtHekJoMXdMTk5nSzY0aGM3U2VYSHBjeUhYRFd0ejVHZWo1bk1RS3Z1cmFJbk5B?oc=5\" target=\"_blank\" rel=\"nofollow noopener\">Uskumatu eksimus r\u00f6\u00f6vis Fourmaux&#8217;lt liidrikoha, Martins Sesks t\u00f5usis p\u00e4eva l\u00f5puks ralli liidriks<\/a>&nbsp;&nbsp;&#8211; Ralli.ee<\/li>\n<li><a href=\"https:\/\/news.google.com\/rss\/articles\/CBMi-wFBVV95cUxQSlllN254VlBCMjFnVDBNVUw1cnprakd6OXpQQlFOdzdOX0F2dngza0cwTUxZZVFrMlgyVHFaZFZ0eUNteXFaWjNyZmZTWGxaRWUxRGt0TWJXMWNsT3doc2pCZThIUlQ5WmFwVTk4SklqYm9PSmJtVmJUc0c4bExFdUNwTUgwcWpFbS1fYUdjYzZFVDQyREtSSVJ3LTFVY3Y1WVdrRmowRlQ3TG5NVjUxY2s1UDI0QWNtMlpNQi11LUliYi1zLUwwaHJtSExfUlJlX2g2dkRHTlRPeU1tQVk4OEtSMGhTWEY3ZUk3dThxSjB6UkE5Rm5xRWNJcw?oc=5\" target=\"_blank\" rel=\"nofollow noopener\">DELFI JIDDAH\u2019S | P\u00e4evakommentaar. Sesks n\u00e4itas, et M-Spordil tasub talle panustada. Rehvidraama veel maailmameistrit ei otsustanud<\/a>&nbsp;&nbsp;Delfi Sport<\/li>\n<li><a href=\"https:\/\/news.google.com\/rss\/articles\/CBMi8wFBVV95cUxPSERHck9YLTJUVlkyODRuZHdHUk44UGR3LTlxVW1vLXhQeHNNNmVUQjZ5NDRWX2tRSmxYVTBybmdZVklmYkMwOU1lTTlJQnlTLUhQaWpIYTI5UUFwRi1wMkFnOExCTGZ1ZUVRMmlRYUpucDdSLXZXVHZDdlMwa2JmQlNCd3pHNldnYnZpVDVpVXJBZHBSNEZzYzZwSjhiM1NSUUtickpiNW4tVTJ3dHBndUVHTFhoVE9Vc2tVMVdlTHV5Zk5TalNlX1lQRzhodU1YMUY1a2lqazgwZWQ3MEZ0UVhqNDVmam9kd3VpdlJaTGhxM0k?oc=5\" target=\"_blank\" rel=\"nofollow noopener\">DELFI JIDDAH\u2019S | M-Sporti pealik Sesksi liidrikohast: k\u00f5ike v\u00f5ib veel juhtuda, aga tore on korra sellises positsioonis olla<\/a>&nbsp;&nbsp;Delfi Sport<\/li>\n<\/ol>\n","protected":false},"excerpt":{"rendered":"Ajakaristuse saanud ja liidrikoha kaotanud Fourmaux: ma ei tea, mis juhtus&nbsp;&nbsp;Postimees Sport Enneaegne ajakontrolli sisenemine t\u00f5i rallit juhtinud&hellip;\n","protected":false},"author":2,"featured_media":53070,"comment_status":"","ping_status":"","sticky":false,"template":"","format":"standard","meta":{"footnotes":""},"categories":[18],"tags":[1526,37,33,35,34,36,1517,172,1520,1513,1514,1518,1524,1515,1529,1530,1523,1519,1522,1525,1528,1527,159,158,1535,1534,1521,1532,1533,1230,1531,1516,1192],"class_list":{"0":"post-53069","1":"post","2":"type-post","3":"status-publish","4":"format-standard","5":"has-post-thumbnail","7":"category-sport","8":"tag-autoralli","9":"tag-ee","10":"tag-eesti","11":"tag-eesti-keel","12":"tag-estonia","13":"tag-estonian","14":"tag-finaal","15":"tag-jalgpall","16":"tag-koondis","17":"tag-korvpall","18":"tag-liiga","19":"tag-mang","20":"tag-martin-jarveoja","21":"tag-medal","22":"tag-olumpia","23":"tag-olumpiamangud","24":"tag-ott-tanak","25":"tag-poks","26":"tag-postimees-sport","27":"tag-postimees-wrc","28":"tag-spordi-uudised","29":"tag-spordiuudised","30":"tag-sport","31":"tag-sports","32":"tag-suveolumpia","33":"tag-suveolumpiamangud","34":"tag-tiitel","35":"tag-tokio","36":"tag-tokio2020","37":"tag-tokyo","38":"tag-tokyo2020","39":"tag-voistlus","40":"tag-wrc"},"share_on_mastodon":{"url":"https:\/\/pubeurope.com\/@ee\/115631405339680103","error":""},"_links":{"self":[{"href":"https:\/\/www.europesays.com\/ee\/wp-json\/wp\/v2\/posts\/53069","targetHints":{"allow":["GET"]}}],"collection":[{"href":"https:\/\/www.europesays.com\/ee\/wp-json\/wp\/v2\/posts"}],"about":[{"href":"https:\/\/www.europesays.com\/ee\/wp-json\/wp\/v2\/types\/post"}],"author":[{"embeddable":true,"href":"https:\/\/www.europesays.com\/ee\/wp-json\/wp\/v2\/users\/2"}],"replies":[{"embeddable":true,"href":"https:\/\/www.europesays.com\/ee\/wp-json\/wp\/v2\/comments?post=53069"}],"version-history":[{"count":0,"href":"https:\/\/www.europesays.com\/ee\/wp-json\/wp\/v2\/posts\/53069\/revisions"}],"wp:featuredmedia":[{"embeddable":true,"href":"https:\/\/www.europesays.com\/ee\/wp-json\/wp\/v2\/media\/53070"}],"wp:attachment":[{"href":"https:\/\/www.europesays.com\/ee\/wp-json\/wp\/v2\/media?parent=53069"}],"wp:term":[{"taxonomy":"category","embeddable":true,"href":"https:\/\/www.europesays.com\/ee\/wp-json\/wp\/v2\/categories?post=53069"},{"taxonomy":"post_tag","embeddable":true,"href":"https:\/\/www.europesays.com\/ee\/wp-json\/wp\/v2\/tags?post=53069"}],"curies":[{"name":"wp","href":"https:\/\/api.w.org\/{rel}","templated":true}]}}