{"id":53078,"date":"2025-11-29T06:07:07","date_gmt":"2025-11-29T06:07:07","guid":{"rendered":"https:\/\/www.europesays.com\/ee\/53078\/"},"modified":"2025-11-29T06:07:07","modified_gmt":"2025-11-29T06:07:07","slug":"video-%e2%9f%a9-stefan-arand-voitis-f1-jeddah-gp-sprindisoidust-teise-koha","status":"publish","type":"post","link":"https:\/\/www.europesays.com\/ee\/53078\/","title":{"rendered":"VIDEO \u27e9 Stefan Arand v\u00f5itis F1 Jeddah GP sprindis\u00f5idust teise koha"},"content":{"rendered":"<p>Neljap\u00e4eval Saudi Araabias alanud paadiklassi F1 Jeddah GP vabatreeningutel tehniliste probleemide k\u00fc\u00fcsis vaevelnud Arand alustas reedel kvalifikatsiooni seitsmenda kohaga j\u00e4\u00e4des napilt v\u00e4lja viimasest kvalifikatsioonivoorust.<\/p>\n<p>\u00abKvalifikatsioonis m\u00e4ngisid rolli tehnilistel p\u00f5hjustel eba\u00f5nnestunud vabatreeningud. Teatavasti ei saa kvalifikatsiooni minna otsima seadistust ja propelleri valikut. Need oleks pidanud eile (neljap &#8211; toim) selgeks saama.<\/p>\n<p>Kui k\u00f5iki asjaolusid arvestada oleme \u00fcldpildiga enam-v\u00e4hem rahul. Sprindid ja p\u00f5his\u00f5it on ees ja anname endast parima!\u00bb r\u00e4\u00e4kis Arand peale kvalifikatsiooni.<\/p>\n<p>Vaata videointervjuud Stefan Arandiga (kui ei avane, <a target=\"_blank\" rel=\"noopener noreferrer nofollow\" href=\"https:\/\/fb.watch\/DFATmgaUoR\/\">vajuta siia)<\/a>.<\/p>\n<p>Arand startis sprindis\u00f5itu neljandalt positsioonilt, kuid esimeses p\u00f6\u00f6rdes s\u00f5itis tema trajektoori kinni parema stardi saanud itaallane Alberto Comparato ja eestlane alustas esimest t\u00e4isringi viiendalt kohalt.<\/p>\n<p>Kassi-hiire m\u00e4ng MM-sarja liidri Alec Wecstr\u00f6miga k\u00e4is kuni kaheksanda ringini, kus soomlane p\u00f5hjustas kollase lipu s\u00f5ites kinnitusest lahti \u00fche p\u00f6\u00f6rdepoidest. Kaks ringi hiljem t\u00f5usis roheline lipp ja s\u00f5itjaid said uuesti gaasi p\u00f5hja vajutada. Arand suutis samal ringil m\u00f6\u00f6duda Wecstr\u00f6mist ja asus jahtima kolmandat kohta hoidvat Comparatot.<\/p>\n<p>7 ringi ennem l\u00f5ppu murdis Arand sisetrajektoori ja hoides ennem p\u00f6\u00f6rdepoid kiirust kauem \u00fcleval suutis ta julge man\u00f6\u00f6vriga Comparatost m\u00f6\u00f6duda.<\/p>\n<p>Samal ringil \u00f5nnestus m\u00f6\u00f6duda ka teisel kohal s\u00f5itnud hollandlasest Ferdinand Zandbergerist, kelle masinat oli tabanud tehniline probleem. S\u00f5iduv\u00f5it l\u00e4ks Jonas Anderssonile Rootsist ja teise koha sai liidrist ennast vaid 2,8 sekundi kaugusele s\u00f5itnud Stefan Arand. Kolmandana l\u00f5petas k\u00fcll Comparato.aga stardisirge blokeerimise eest anti noorele itaallasele karistuseks kahe positsiooniline karistus, mis t\u00e4hendas talle kokkuv\u00f5ttes viiendat kohta. Kolmandaks tuli protokollis Stefan Hagin Saksamaalt.<\/p>\n<p>\u00abTundsin ennast enesekindlalt. Tundsin esimest korda selle n\u00e4dala jooksul, et paat t\u00f6\u00f6tas nii nagu ma tahtsin, et ta t\u00f6\u00f6taks ja tegi seda mida ma tahtsin, et ta teeks.<\/p>\n<p>Tuli ka kohe p\u00e4ris hea tulemus. Oleme ise \u00f5nnelikud ja arvestades k\u00f5iki asjaolusid on see \u00fcpriski maksimum tulemus mida me sprindis\u00f5idust oleksime saanud v\u00f5tta,\u00bb j\u00e4i Arand paadi ja s\u00f5iduga rahule.<\/p>\n<p>Laup\u00e4eval s\u00f5idetakse Jeddah GP p\u00f5his\u00f5it.<\/p>\n","protected":false},"excerpt":{"rendered":"Neljap\u00e4eval Saudi Araabias alanud paadiklassi F1 Jeddah GP vabatreeningutel tehniliste probleemide k\u00fc\u00fcsis vaevelnud Arand alustas reedel kvalifikatsiooni seitsmenda&hellip;\n","protected":false},"author":2,"featured_media":53079,"comment_status":"","ping_status":"","sticky":false,"template":"","format":"standard","meta":{"footnotes":""},"categories":[18],"tags":[26947,26946,26942,37,33,35,34,36,26945,26948,10833,24861,1228,159,158,26949,26944,26943],"class_list":{"0":"post-53078","1":"post","2":"type-post","3":"status-publish","4":"format-standard","5":"has-post-thumbnail","7":"category-sport","8":"tag-alberto-comparato","9":"tag-alec-wecstrom","10":"tag-arand","11":"tag-ee","12":"tag-eesti","13":"tag-eesti-keel","14":"tag-estonia","15":"tag-estonian","16":"tag-ferdinand-zandberger","17":"tag-jeddah-gp","18":"tag-jonas-andersson","19":"tag-kvalifikatsioon","20":"tag-saudi-araabia","21":"tag-sport","22":"tag-sports","23":"tag-sprindisoit","24":"tag-stefan-hagin","25":"tag-vabatreening"},"share_on_mastodon":{"url":"https:\/\/pubeurope.com\/@ee\/115631492055212291","error":""},"_links":{"self":[{"href":"https:\/\/www.europesays.com\/ee\/wp-json\/wp\/v2\/posts\/53078","targetHints":{"allow":["GET"]}}],"collection":[{"href":"https:\/\/www.europesays.com\/ee\/wp-json\/wp\/v2\/posts"}],"about":[{"href":"https:\/\/www.europesays.com\/ee\/wp-json\/wp\/v2\/types\/post"}],"author":[{"embeddable":true,"href":"https:\/\/www.europesays.com\/ee\/wp-json\/wp\/v2\/users\/2"}],"replies":[{"embeddable":true,"href":"https:\/\/www.europesays.com\/ee\/wp-json\/wp\/v2\/comments?post=53078"}],"version-history":[{"count":0,"href":"https:\/\/www.europesays.com\/ee\/wp-json\/wp\/v2\/posts\/53078\/revisions"}],"wp:featuredmedia":[{"embeddable":true,"href":"https:\/\/www.europesays.com\/ee\/wp-json\/wp\/v2\/media\/53079"}],"wp:attachment":[{"href":"https:\/\/www.europesays.com\/ee\/wp-json\/wp\/v2\/media?parent=53078"}],"wp:term":[{"taxonomy":"category","embeddable":true,"href":"https:\/\/www.europesays.com\/ee\/wp-json\/wp\/v2\/categories?post=53078"},{"taxonomy":"post_tag","embeddable":true,"href":"https:\/\/www.europesays.com\/ee\/wp-json\/wp\/v2\/tags?post=53078"}],"curies":[{"name":"wp","href":"https:\/\/api.w.org\/{rel}","templated":true}]}}