{"id":53094,"date":"2025-11-29T06:41:08","date_gmt":"2025-11-29T06:41:08","guid":{"rendered":"https:\/\/www.europesays.com\/ee\/53094\/"},"modified":"2025-11-29T06:41:08","modified_gmt":"2025-11-29T06:41:08","slug":"elektrikell-%e2%9f%a9-laupaeval-on-elekter-ullatavalt-odav","status":"publish","type":"post","link":"https:\/\/www.europesays.com\/ee\/53094\/","title":{"rendered":"ELEKTRIKELL \u27e9 Laup\u00e4eval on elekter \u00fcllatavalt odav"},"content":{"rendered":"<p>L\u00e4tis ja Leedus on elekter laup\u00e4eval Eestist viis korda kallim, makstes keskmiselt 50,30 eurot. Soomes on elekter aga tunduvalt soodsam, makstes vaid 1,05 eurot megavatt-tunnist. Nord Pool s\u00fcsteemi k\u00f5rgeim p\u00e4eva keskmine hind on 121,38 euroga Poolas.<\/p>\n<p>K\u00f5ige rohkem, 85,15 eurot megavatt-tunnist, tuleb Eestis elektri eest maksta laup\u00e4eval kell 14.45\u201315.00. Odavaim oli elekter varahommikul kell 4.45-5.00, mil hind langes 0,24 eurole.<\/p>\n<p>Elektrib\u00f6rsi Nord Pool Eesti hinnapiirkonnas kujunes t\u00e4navu oktoobris keskmiseks hinnaks 90,18 eurot megavatt-tunnist, mis on vaid 1,3 protsenti soodsam kui 2024. aasta oktoobris, mil kuu keskmine hind oli 91,37 eurot megavatt-tunnist. Septembriga v\u00f5rreldes kasvas elektri b\u00f6rsihind 11,2 protsenti.<\/p>\n","protected":false},"excerpt":{"rendered":"L\u00e4tis ja Leedus on elekter laup\u00e4eval Eestist viis korda kallim, makstes keskmiselt 50,30 eurot. Soomes on elekter aga&hellip;\n","protected":false},"author":2,"featured_media":53095,"comment_status":"","ping_status":"","sticky":false,"template":"","format":"standard","meta":{"footnotes":""},"categories":[14],"tags":[131,130,37,33,35,7626,7429,34,36,6444],"class_list":{"0":"post-53094","1":"post","2":"type-post","3":"status-publish","4":"format-standard","5":"has-post-thumbnail","7":"category-ari","8":"tag-ari","9":"tag-business","10":"tag-ee","11":"tag-eesti","12":"tag-eesti-keel","13":"tag-elektribors","14":"tag-elektrihind","15":"tag-estonia","16":"tag-estonian","17":"tag-nord-pool"},"share_on_mastodon":{"url":"https:\/\/pubeurope.com\/@ee\/115631625499442128","error":""},"_links":{"self":[{"href":"https:\/\/www.europesays.com\/ee\/wp-json\/wp\/v2\/posts\/53094","targetHints":{"allow":["GET"]}}],"collection":[{"href":"https:\/\/www.europesays.com\/ee\/wp-json\/wp\/v2\/posts"}],"about":[{"href":"https:\/\/www.europesays.com\/ee\/wp-json\/wp\/v2\/types\/post"}],"author":[{"embeddable":true,"href":"https:\/\/www.europesays.com\/ee\/wp-json\/wp\/v2\/users\/2"}],"replies":[{"embeddable":true,"href":"https:\/\/www.europesays.com\/ee\/wp-json\/wp\/v2\/comments?post=53094"}],"version-history":[{"count":0,"href":"https:\/\/www.europesays.com\/ee\/wp-json\/wp\/v2\/posts\/53094\/revisions"}],"wp:featuredmedia":[{"embeddable":true,"href":"https:\/\/www.europesays.com\/ee\/wp-json\/wp\/v2\/media\/53095"}],"wp:attachment":[{"href":"https:\/\/www.europesays.com\/ee\/wp-json\/wp\/v2\/media?parent=53094"}],"wp:term":[{"taxonomy":"category","embeddable":true,"href":"https:\/\/www.europesays.com\/ee\/wp-json\/wp\/v2\/categories?post=53094"},{"taxonomy":"post_tag","embeddable":true,"href":"https:\/\/www.europesays.com\/ee\/wp-json\/wp\/v2\/tags?post=53094"}],"curies":[{"name":"wp","href":"https:\/\/api.w.org\/{rel}","templated":true}]}}