{"id":53493,"date":"2025-11-29T22:16:37","date_gmt":"2025-11-29T22:16:37","guid":{"rendered":"https:\/\/www.europesays.com\/ee\/53493\/"},"modified":"2025-11-29T22:16:37","modified_gmt":"2025-11-29T22:16:37","slug":"suurinvesteering-%e2%9f%a9-eesti-ettevote-avas-leipzigis-ligi-veerand-miljardit-eurot-maksva-superkondensaatorite-tehase","status":"publish","type":"post","link":"https:\/\/www.europesays.com\/ee\/53493\/","title":{"rendered":"SUURINVESTEERING \u27e9 Eesti ettev\u00f5te avas Leipzigis ligi veerand miljardit eurot maksva superkondensaatorite tehase"},"content":{"rendered":"<p>Eesti ettev\u00f5te, Skeleton Technologies avas Markranst\u00e4dtis, Leipzigi l\u00e4histel, uue 220 miljoni eurose superkondensaatorite tehase. Tehas tarnib juba t\u00e4na lahendusi Siemensile, General Electricule ja Hitachi Energy\u2019le Euroopa elektriv\u00f5rkude stabiliseerimiseks ning juhtivatele Ameerika tehisintellekti andmekeskustele taristu rajamiseks.<\/p>\n<p>Skeletoni superkondensaatorid tuginevad t\u00e4ielikult Euroopa tarneahelale ega sisalda liitiumi, koobaltit, mangaani ega muid kriitilisi tooraineid. Tehnoloogia keskmes on ettev\u00f5tte patenteeritud kumergrafeen, mis annab seadmetele nende erakordsed omadused.<\/p>\n<p>Aastal 2026 investeerivad USA suurandmekeskuste rajajad tehisintellekti taristusse hinnanguliselt 330 miljardit USA dollarit, samal ajal kui Euroopa investeeringud j\u00e4\u00e4vad vaevu 10 miljardi dollari kanti.<\/p>\n<p>Euroopa peab oma investeeringuid m\u00e4rkimisv\u00e4\u00e4rselt suurendama, kuid sellega kaasneb kaks suurt v\u00e4ljakutset. Esiteks kasvavad elektriarved veelgi, kuna energiamahukad tehisintellekti andmekeskused suurendavad n\u00f5udlust.<\/p>\n<p>Teiseks toodetakse Euroopas vaid v\u00e4ike osa tehisintellekti andmekeskuste taristu tegelikust v\u00e4\u00e4rtusest. Skeletoni tegevjuht Taavi Madiberki s\u00f5nul hakatakse Leipzigi tehases hakatakse tootma Skeletoni uue p\u00f5lvkonna superkondensaatoreid ja s\u00fcsteeme, sealhulgas GrapheneGPU (graafikaprotsessorite) lahendust.<\/p>\n<p>\u00abMeie toode aitab tehisintellekti andmekeskustel v\u00e4hendada tipukoormusi ja elektrikulu kuni 44 protsenti. V\u00e4hendades \u00fclekuumenemist ja v\u00f5imsuse k\u00f5ikumist, saab kuni 40 protsenti rohkem arvutusv\u00f5imsust,\u00bb \u00fctles ta.<\/p>\n<p>Tehase avamisel osalenud Eesti peaminister Kristen Michal s\u00f5nas, et tegemist on l\u00e4hiajaloo suurima t\u00f6\u00f6stusinvesteeringuga Eestist Saksamaale.<\/p>\n<p>Kuid t\u00e4htis pole \u00fcksnes investeeringu maht \u2013 Skeletoni Leipzigi tehas on oluline verstapost nii Eesti, Saksamaa kui ka kogu Euroopa jaoks, kuna seal toodetakse ainulaadset tehnoloogiat, mis toetab tehisintellekti andmekeskuste arengut ning aitab Euroopa elektriv\u00f5rkudel \u00fcle minna taastuvenergiale.<\/p>\n","protected":false},"excerpt":{"rendered":"Eesti ettev\u00f5te, Skeleton Technologies avas Markranst\u00e4dtis, Leipzigi l\u00e4histel, uue 220 miljoni eurose superkondensaatorite tehase. Tehas tarnib juba t\u00e4na&hellip;\n","protected":false},"author":2,"featured_media":53494,"comment_status":"","ping_status":"","sticky":false,"template":"","format":"standard","meta":{"footnotes":"","_share_on_mastodon":"0"},"categories":[14],"tags":[131,130,37,33,35,27154,34,36,27153,1160,1972,1973],"class_list":["post-53493","post","type-post","status-publish","format-standard","has-post-thumbnail","category-ari","tag-ari","tag-business","tag-ee","tag-eesti","tag-eesti-keel","tag-energia-salvestamine","tag-estonia","tag-estonian","tag-euroopa-elektrivorgud","tag-leipzig","tag-skeleton-technologies","tag-taavi-madiberk"],"share_on_mastodon":{"url":"https:\/\/pubeurope.com\/@ee\/115635302250565768","error":""},"_links":{"self":[{"href":"https:\/\/www.europesays.com\/ee\/wp-json\/wp\/v2\/posts\/53493","targetHints":{"allow":["GET"]}}],"collection":[{"href":"https:\/\/www.europesays.com\/ee\/wp-json\/wp\/v2\/posts"}],"about":[{"href":"https:\/\/www.europesays.com\/ee\/wp-json\/wp\/v2\/types\/post"}],"author":[{"embeddable":true,"href":"https:\/\/www.europesays.com\/ee\/wp-json\/wp\/v2\/users\/2"}],"replies":[{"embeddable":true,"href":"https:\/\/www.europesays.com\/ee\/wp-json\/wp\/v2\/comments?post=53493"}],"version-history":[{"count":0,"href":"https:\/\/www.europesays.com\/ee\/wp-json\/wp\/v2\/posts\/53493\/revisions"}],"wp:featuredmedia":[{"embeddable":true,"href":"https:\/\/www.europesays.com\/ee\/wp-json\/wp\/v2\/media\/53494"}],"wp:attachment":[{"href":"https:\/\/www.europesays.com\/ee\/wp-json\/wp\/v2\/media?parent=53493"}],"wp:term":[{"taxonomy":"category","embeddable":true,"href":"https:\/\/www.europesays.com\/ee\/wp-json\/wp\/v2\/categories?post=53493"},{"taxonomy":"post_tag","embeddable":true,"href":"https:\/\/www.europesays.com\/ee\/wp-json\/wp\/v2\/tags?post=53493"}],"curies":[{"name":"wp","href":"https:\/\/api.w.org\/{rel}","templated":true}]}}