{"id":53691,"date":"2025-11-30T09:39:07","date_gmt":"2025-11-30T09:39:07","guid":{"rendered":"https:\/\/www.europesays.com\/ee\/53691\/"},"modified":"2025-11-30T09:39:07","modified_gmt":"2025-11-30T09:39:07","slug":"vene-reziimi-peale-surutud-suhtlusapp-tekitab-moskvalastes-umbusku","status":"publish","type":"post","link":"https:\/\/www.europesays.com\/ee\/53691\/","title":{"rendered":"Vene re\u017eiimi peale surutud suhtlus\u00e4pp tekitab moskvalastes umbusku"},"content":{"rendered":"<p>Varem sel aastal Vene sotsiaalmeediagigandi VK poolt v\u00e4lja antud Maxi on reklaamitud kui n-\u00f6 superrakendust, mis suudab teha k\u00f5ike alates valitsuse teenustele juurdep\u00e4\u00e4sust kuni pitsa tellimiseni. Eeskuju on v\u00f5etud Hiina rakendustest WeChat ja Alipay.<\/p>\n<p>Vene re\u017eiim on andnud tootjatele korralduse lisada rakendus alates 1. septembrist k\u00f5ikidesse uutesse telefonidesse ja tahvelarvutitesse, blokeerides samal ajal k\u00f5ned v\u00e4lismaistelt konkurentidelt &#8211; kriitikud on nimetanud seda jultunud katseks kasutajaid sundida uuele rakendusele \u00fcle minema.<\/p>\n","protected":false},"excerpt":{"rendered":"Varem sel aastal Vene sotsiaalmeediagigandi VK poolt v\u00e4lja antud Maxi on reklaamitud kui n-\u00f6 superrakendust, mis suudab teha&hellip;\n","protected":false},"author":2,"featured_media":53692,"comment_status":"","ping_status":"","sticky":false,"template":"","format":"standard","meta":{"footnotes":"","_share_on_mastodon":"0"},"categories":[80],"tags":[26,27,37,33,35,34,36,31,32,21,28,29,95,18784,19,25,27256,19996,23,24,22,20,26833,30,27255,92,93,94],"class_list":["post-53691","post","type-post","status-publish","format-standard","has-post-thumbnail","category-maailm","tag-breaking-news","tag-breakingnews","tag-ee","tag-eesti","tag-eesti-keel","tag-estonia","tag-estonian","tag-featured-news","tag-featurednews","tag-headlines","tag-latest-news","tag-latestnews","tag-maailm","tag-max","tag-news","tag-populaarseimad-lood","tag-roskomnadzor","tag-telegram","tag-top-stories","tag-topstories","tag-uldised-uudised","tag-uudised","tag-vene-reziim","tag-viimased-uudised","tag-whatsapp","tag-world","tag-world-news","tag-worldnews"],"share_on_mastodon":{"url":"https:\/\/pubeurope.com\/@ee\/115637987942182514","error":""},"_links":{"self":[{"href":"https:\/\/www.europesays.com\/ee\/wp-json\/wp\/v2\/posts\/53691","targetHints":{"allow":["GET"]}}],"collection":[{"href":"https:\/\/www.europesays.com\/ee\/wp-json\/wp\/v2\/posts"}],"about":[{"href":"https:\/\/www.europesays.com\/ee\/wp-json\/wp\/v2\/types\/post"}],"author":[{"embeddable":true,"href":"https:\/\/www.europesays.com\/ee\/wp-json\/wp\/v2\/users\/2"}],"replies":[{"embeddable":true,"href":"https:\/\/www.europesays.com\/ee\/wp-json\/wp\/v2\/comments?post=53691"}],"version-history":[{"count":0,"href":"https:\/\/www.europesays.com\/ee\/wp-json\/wp\/v2\/posts\/53691\/revisions"}],"wp:featuredmedia":[{"embeddable":true,"href":"https:\/\/www.europesays.com\/ee\/wp-json\/wp\/v2\/media\/53692"}],"wp:attachment":[{"href":"https:\/\/www.europesays.com\/ee\/wp-json\/wp\/v2\/media?parent=53691"}],"wp:term":[{"taxonomy":"category","embeddable":true,"href":"https:\/\/www.europesays.com\/ee\/wp-json\/wp\/v2\/categories?post=53691"},{"taxonomy":"post_tag","embeddable":true,"href":"https:\/\/www.europesays.com\/ee\/wp-json\/wp\/v2\/tags?post=53691"}],"curies":[{"name":"wp","href":"https:\/\/api.w.org\/{rel}","templated":true}]}}