{"id":53694,"date":"2025-11-30T09:47:09","date_gmt":"2025-11-30T09:47:09","guid":{"rendered":"https:\/\/www.europesays.com\/ee\/53694\/"},"modified":"2025-11-30T09:47:09","modified_gmt":"2025-11-30T09:47:09","slug":"abielu-lahutanud-adeele-jaago-lastel-olgu-pigem-kaks-onnelikku-kodu-kui-uks-onnetu-kodu","status":"publish","type":"post","link":"https:\/\/www.europesays.com\/ee\/53694\/","title":{"rendered":"Abielu lahutanud Adeele Jaago: lastel olgu pigem kaks \u00f5nnelikku kodu kui \u00fcks \u00f5nnetu kodu"},"content":{"rendered":"<p class=\"MsoNormal\">Kui Adeele Jaago (36) astub ruumi, tundub, nagu keerataks valgust juurde. Ta s\u00e4rab, temast kiirgab enesekindlust ja soojust. Adeele on \u00f5nnelikum kui kunagi varem ja tema ellusuhtumine on viimasel ajal v\u00e4ga optimistlik.<\/p>\n<p>Adeele nokitseb <a rel=\"noopener nofollow\" target=\"_blank\" href=\"https:\/\/www.delfi.ee\/teema\/67374188\/ugala\" tag-id=\"67374188\">Ugala<\/a> teatri n\u00e4itleja tiheda graafikuga t\u00f6\u00f6 k\u00f5rvalt usinalt oma esimese plaadi kallal, mille plaanib v\u00e4lja anda uue aasta alguses. Adeele talendi austajad saavad albumi tegemist Hooandjas toetada.<\/p>\n<p>Oled juba tellija?  Logi sisse <\/p>\n","protected":false},"excerpt":{"rendered":"Kui Adeele Jaago (36) astub ruumi, tundub, nagu keerataks valgust juurde. Ta s\u00e4rab, temast kiirgab enesekindlust ja soojust.&hellip;\n","protected":false},"author":2,"featured_media":53695,"comment_status":"","ping_status":"","sticky":false,"template":"","format":"standard","meta":{"footnotes":"","_share_on_mastodon":"0"},"categories":[16],"tags":[27259,37,33,35,173,34,36,27257,140,4761,2109,27258,196,550],"class_list":["post-53694","post","type-post","status-publish","format-standard","has-post-thumbnail","category-meelelahutus","tag-adeele-jaago","tag-ee","tag-eesti","tag-eesti-keel","tag-entertainment","tag-estonia","tag-estonian","tag-kalju-komissarov","tag-meelelahutus","tag-su-nagu-kolab-tuttavalt","tag-taylor-swift","tag-tonu-tubli","tag-ugala","tag-vaiko-eplik"],"share_on_mastodon":{"url":"https:\/\/pubeurope.com\/@ee\/115638019204329766","error":""},"_links":{"self":[{"href":"https:\/\/www.europesays.com\/ee\/wp-json\/wp\/v2\/posts\/53694","targetHints":{"allow":["GET"]}}],"collection":[{"href":"https:\/\/www.europesays.com\/ee\/wp-json\/wp\/v2\/posts"}],"about":[{"href":"https:\/\/www.europesays.com\/ee\/wp-json\/wp\/v2\/types\/post"}],"author":[{"embeddable":true,"href":"https:\/\/www.europesays.com\/ee\/wp-json\/wp\/v2\/users\/2"}],"replies":[{"embeddable":true,"href":"https:\/\/www.europesays.com\/ee\/wp-json\/wp\/v2\/comments?post=53694"}],"version-history":[{"count":0,"href":"https:\/\/www.europesays.com\/ee\/wp-json\/wp\/v2\/posts\/53694\/revisions"}],"wp:featuredmedia":[{"embeddable":true,"href":"https:\/\/www.europesays.com\/ee\/wp-json\/wp\/v2\/media\/53695"}],"wp:attachment":[{"href":"https:\/\/www.europesays.com\/ee\/wp-json\/wp\/v2\/media?parent=53694"}],"wp:term":[{"taxonomy":"category","embeddable":true,"href":"https:\/\/www.europesays.com\/ee\/wp-json\/wp\/v2\/categories?post=53694"},{"taxonomy":"post_tag","embeddable":true,"href":"https:\/\/www.europesays.com\/ee\/wp-json\/wp\/v2\/tags?post=53694"}],"curies":[{"name":"wp","href":"https:\/\/api.w.org\/{rel}","templated":true}]}}