{"id":53712,"date":"2025-11-30T10:13:48","date_gmt":"2025-11-30T10:13:48","guid":{"rendered":"https:\/\/www.europesays.com\/ee\/53712\/"},"modified":"2025-11-30T10:13:48","modified_gmt":"2025-11-30T10:13:48","slug":"eesti-rahva-vinguv-jalaluu","status":"publish","type":"post","link":"https:\/\/www.europesays.com\/ee\/53712\/","title":{"rendered":"Eesti rahva vinguv jalaluu"},"content":{"rendered":"<p>Teine neist on Kivir\u00e4hki juttudega h\u00e4sti haakuv visuaalne terviklugu, mille joonistas \u00fcles Peeter Laurits. Raamatu kaanepildil n\u00e4eme harali okstega j\u00e4ndrikku tamme, mis samah\u00e4sti v\u00f5ib olla kellegi kasvatatud tiritamm, jalak\u00f6ndid vinguvalt taeva poole kaardus. Miks jalad vinguvad, sellest allpool.<\/p>\n<p><a target=\"_blank\" rel=\"noopener noreferrer nofollow\" href=\"https:\/\/www.apollo.ee\/et\/eesti-rahva-uued-jutud.html\">\u00abEesti rahva uued jutud\u00bb<\/a> on otseselt seotud Fr. R. Kreutzwaldi <a target=\"_blank\" rel=\"noopener noreferrer nofollow\" href=\"https:\/\/www.apollo.ee\/et\/eesti-rahva-ennemuistsed-jutud-1.html\">\u00abEesti rahva ennemuistsete juttudega\u00bb<\/a> (1866, 9. tr, 2009). Siit ka autori t\u00e4nus\u00f5nad Lauluisale raamatu tiitellehel. Oma viieteistk\u00fcmmnest jutust tosinale on Kivir\u00e4hk pealkirjad Kreutzwaldilt laenuks v\u00f5tnud, sisu aga muutnud ning t\u00e4iendanud n\u00fc\u00fcdisaegsete elementidega. N\u00f5nda n\u00e4eb lugeja, kuidas olnu m\u00f5jutab olevat ja siinpoolsus ei p\u00e4\u00e4se kuidagi vabaks teispoolsusest. Tark mees taskus n\u00e4eb vaid kellaseiereid ja oma karamelli ning Udum\u00e4e kuningas ei p\u00e4\u00e4se s\u00fcgisvines igale poole. Raamatu alguspala \u00abPuulased ja tohtlased\u00bb on Kivir\u00e4hki varem (2020) ilmunud samanimelise jutustuse kokkusurutud variant. Kuid noored ja ilusad, olge \u00fchistranspordis ettevaatlikud! Ehk hiilib seal t\u00e4naseni keegi akutrelliga relvastatud mees, kes jahib libainimesi ning ihkab teile reide auku puurida. Sest saepuru pole veel \u00fchestki august eraldunud&#8230;<\/p>\n<p><img decoding=\"async\" class=\"figure__image\" onclick=\"triggerEvent('articleImageClick', { id: 17305236, focus: 'single-image', focusIndex: '17305236' })\" onkeydown=\"if (event.key === 'Enter') {&#10;        triggerEvent('articleImageClick', { id: 17305236, focus: 'single-image', focusIndex: '17305236' })&#10;        }\" role=\"button\" tabindex=\"0\" data-focus-from=\"single-image\" data-focus-index=\"17305236\" src=\"https:\/\/www.europesays.com\/ee\/wp-content\/uploads\/2025\/11\/17305236t1h8428.jpg\" onload=\"this.parentElement.classList.remove('figure__image-loading')\" alt=\"Andrus Kivir\u00e4hki raamat \u00abEesti rahva uued jutud\u00bb.\"\/>Andrus Kivir\u00e4hki raamat \u00abEesti rahva uued jutud\u00bb. Foto: Rasmus Rebase<\/p>\n<p>Rasket k\u00e4sikivi v\u00e4ntava vaeslapse lubab orjusest p\u00e4\u00e4sta \u00fcks vanamees, kes nimetab end Soome targaks. Ent kui vaeslaps tema koju abi j\u00e4rele l\u00e4heb, seisab \u00abtark\u00bb ihualasti kesk tuba ja \u00fctleb: \u00abV\u00f5ta mu v\u00e4ndast kinni!\u00bb. V\u00f5ib arvata, et sellised olid muistsete rahvajuttude n\u00f5iad ja targad. Ent Kivir\u00e4hk n\u00e4itab, et t\u00e4nased teadmamehed, kel suurkoolidest peas P\u00fctaagoros ja Evulutsioon (autori kirjaviis), pole p\u00f5rmugi hoolivamad. T\u00e4nu seesugustele sai kullaketrajast mullaketraja ning V\u00e4gev V\u00e4hk oli sunnitud vaese neiu soovunelmad luhta laskma.<\/p>\n","protected":false},"excerpt":{"rendered":"Teine neist on Kivir\u00e4hki juttudega h\u00e4sti haakuv visuaalne terviklugu, mille joonistas \u00fcles Peeter Laurits. Raamatu kaanepildil n\u00e4eme harali&hellip;\n","protected":false},"author":2,"featured_media":53713,"comment_status":"","ping_status":"","sticky":false,"template":"","format":"standard","meta":{"footnotes":"","_share_on_mastodon":"0"},"categories":[12],"tags":[2345,26,27,37,33,35,7023,34,36,31,32,21,27267,23853,28,29,19,27266,25,179,23,24,22,20,30],"class_list":["post-53712","post","type-post","status-publish","format-standard","has-post-thumbnail","category-eesti","tag-andrus-kivirahk","tag-breaking-news","tag-breakingnews","tag-ee","tag-eesti","tag-eesti-keel","tag-eesti-kirjanik","tag-estonia","tag-estonian","tag-featured-news","tag-featurednews","tag-headlines","tag-jutud","tag-jutukogu","tag-latest-news","tag-latestnews","tag-news","tag-peeter-laurits","tag-populaarseimad-lood","tag-raamat","tag-top-stories","tag-topstories","tag-uldised-uudised","tag-uudised","tag-viimased-uudised"],"share_on_mastodon":{"url":"https:\/\/pubeurope.com\/@ee\/115638125569717481","error":""},"_links":{"self":[{"href":"https:\/\/www.europesays.com\/ee\/wp-json\/wp\/v2\/posts\/53712","targetHints":{"allow":["GET"]}}],"collection":[{"href":"https:\/\/www.europesays.com\/ee\/wp-json\/wp\/v2\/posts"}],"about":[{"href":"https:\/\/www.europesays.com\/ee\/wp-json\/wp\/v2\/types\/post"}],"author":[{"embeddable":true,"href":"https:\/\/www.europesays.com\/ee\/wp-json\/wp\/v2\/users\/2"}],"replies":[{"embeddable":true,"href":"https:\/\/www.europesays.com\/ee\/wp-json\/wp\/v2\/comments?post=53712"}],"version-history":[{"count":0,"href":"https:\/\/www.europesays.com\/ee\/wp-json\/wp\/v2\/posts\/53712\/revisions"}],"wp:featuredmedia":[{"embeddable":true,"href":"https:\/\/www.europesays.com\/ee\/wp-json\/wp\/v2\/media\/53713"}],"wp:attachment":[{"href":"https:\/\/www.europesays.com\/ee\/wp-json\/wp\/v2\/media?parent=53712"}],"wp:term":[{"taxonomy":"category","embeddable":true,"href":"https:\/\/www.europesays.com\/ee\/wp-json\/wp\/v2\/categories?post=53712"},{"taxonomy":"post_tag","embeddable":true,"href":"https:\/\/www.europesays.com\/ee\/wp-json\/wp\/v2\/tags?post=53712"}],"curies":[{"name":"wp","href":"https:\/\/api.w.org\/{rel}","templated":true}]}}