{"id":53782,"date":"2025-11-30T12:24:07","date_gmt":"2025-11-30T12:24:07","guid":{"rendered":"https:\/\/www.europesays.com\/ee\/53782\/"},"modified":"2025-11-30T12:24:07","modified_gmt":"2025-11-30T12:24:07","slug":"huvitav-toode-jaapanis-esitleti-inimpesumasinat","status":"publish","type":"post","link":"https:\/\/www.europesays.com\/ee\/53782\/","title":{"rendered":"Huvitav toode: Jaapanis esitleti inimpesumasinat"},"content":{"rendered":"<p>Seade t\u00f5i kuue kuu pikkuse ekspositsiooni jooksul kokku tohutu rahvahulga, mis l\u00f5ppes oktoobris p\u00e4rast \u00fcle 27 miljoni k\u00fclastaja ligimeelitamist. Kontseptsioon on 1970. aasta Osaka ekspositsioonil esitatud sarnase leiutise kaasaegne taaselustamine. See oli j\u00e4tnud p\u00fcsiva mulje Science\u2019i praegusele presidendile, kes n\u00e4gi seda noorena.<\/p>\n<p>Ettev\u00f5tte pressiesindaja Sachiko Maekura s\u00f5nul puhastab uus masin mitte ainult keha, vaid \u201epeseb ka hinge\u201c, kasutades sensoreid, et j\u00e4lgida kasutaja s\u00fcdamel\u00f6\u00f6ke ja elut\u00e4htsaid n\u00e4itajaid kogu protsessi v\u00e4ltel.<\/p>\n<p>Rahvusvaheliste ettev\u00f5tete huvi ajendas Science\u2019i protot\u00fc\u00fcbi turule tooma. Esimese seadme ostis Osaka hotell, mis kavatseb oma k\u00fclalistele seda unikaalset teenust pakkuda.<\/p>\n<p>Japan Timesi <a rel=\"noopener follow nofollow\" target=\"_blank\" href=\"https:\/\/www.japantimes.co.jp\/business\/2025\/11\/27\/companies\/yamada-human-washing-machine-sale\/\" data-rel-date-range=\"[]\">andmetel<\/a> on elektroonikakauplus Yamada Denki ostnud inimpesumasina, lootuses suurendada oma kaupluste k\u00fclastajate arvu. <\/p>\n<p>Uudsusest tulenevalt kavatseb ettev\u00f5te toota ainult umbes 50 seadet. Kohaliku meedia hinnangul on seadme hind umbes 60 miljonit jeeni (ligikaudu 331 180 eurot).<\/p>\n<p>\u201eMe tahame, et inimesed, kes ei saanud ekspot k\u00fclastada, saaksid seda tehnoloogiat kogeda,\u201c \u00fctles Science\u2019i esimees Yasuaki Aoyama kolmap\u00e4eval pressikonverentsil.<\/p>\n<p>Pesumasin on 2,3 meetrine kast, mis on disainitud terve keha pesuks. Olles sisenenud ja kaane sulgenud, ilmnevad mullid ja \u00f5rn du\u0161\u0161. Samal ajal j\u00e4lgivad sisse ehitatud sensorid tervisen\u00e4itajaid nagu s\u00fcdamel\u00f6\u00f6ke, et tagada kasutaja turvalisus. \u00dchtlasi k\u00e4ib pesu ajal muusika ja \u201erahustavad visuaalid\u201c. P\u00e4rast pesu toimub kuivatus ja kogu protsess kestab kokku umbes 15 minutit.<\/p>\n<p>Videot masina kasutamisest saab vaadata <a rel=\"noopener follow nofollow\" target=\"_blank\" href=\"https:\/\/youtu.be\/AfNrAIITDi0?si=v8Zi5TT34-AUr7Pt\" data-rel-date-range=\"[]\">siit<\/a>.<\/p>\n<p>    Kuidas see lugu Sind end tundma pani?<br \/>\n        Saada<br \/>\n           <a href=\"https:\/\/forte.delfi.ee\/artikkel\/120420540\/huvitav-toode-jaapanis-esitleti-inimpesumasinat\/kommentaarid\" class=\"article-body-bottom__comment article-body-bottom__comment--write button button--primary button--size-auto\" rel=\"nofollow noopener\" target=\"_blank\"><br \/>\n        Kommenteeri<br \/>\n       <\/a> <a href=\"https:\/\/forte.delfi.ee\/artikkel\/120420540\/huvitav-toode-jaapanis-esitleti-inimpesumasinat\/kommentaarid\" class=\"article-body-bottom__comment article-body-bottom__comment--read button button--size-auto\" rel=\"nofollow noopener\" target=\"_blank\"><br \/>\n        Loe kommentaare (11) <\/a>  <\/p>\n","protected":false},"excerpt":{"rendered":"Seade t\u00f5i kuue kuu pikkuse ekspositsiooni jooksul kokku tohutu rahvahulga, mis l\u00f5ppes oktoobris p\u00e4rast \u00fcle 27 miljoni k\u00fclastaja&hellip;\n","protected":false},"author":2,"featured_media":53783,"comment_status":"","ping_status":"","sticky":false,"template":"","format":"standard","meta":{"footnotes":"","_share_on_mastodon":"0"},"categories":[14],"tags":[131,130,37,33,35,34,36,27304,13467],"class_list":["post-53782","post","type-post","status-publish","format-standard","has-post-thumbnail","category-ari","tag-ari","tag-business","tag-ee","tag-eesti","tag-eesti-keel","tag-estonia","tag-estonian","tag-nutikodu","tag-osaka"],"share_on_mastodon":{"url":"https:\/\/pubeurope.com\/@ee\/115638636655113236","error":""},"_links":{"self":[{"href":"https:\/\/www.europesays.com\/ee\/wp-json\/wp\/v2\/posts\/53782","targetHints":{"allow":["GET"]}}],"collection":[{"href":"https:\/\/www.europesays.com\/ee\/wp-json\/wp\/v2\/posts"}],"about":[{"href":"https:\/\/www.europesays.com\/ee\/wp-json\/wp\/v2\/types\/post"}],"author":[{"embeddable":true,"href":"https:\/\/www.europesays.com\/ee\/wp-json\/wp\/v2\/users\/2"}],"replies":[{"embeddable":true,"href":"https:\/\/www.europesays.com\/ee\/wp-json\/wp\/v2\/comments?post=53782"}],"version-history":[{"count":0,"href":"https:\/\/www.europesays.com\/ee\/wp-json\/wp\/v2\/posts\/53782\/revisions"}],"wp:featuredmedia":[{"embeddable":true,"href":"https:\/\/www.europesays.com\/ee\/wp-json\/wp\/v2\/media\/53783"}],"wp:attachment":[{"href":"https:\/\/www.europesays.com\/ee\/wp-json\/wp\/v2\/media?parent=53782"}],"wp:term":[{"taxonomy":"category","embeddable":true,"href":"https:\/\/www.europesays.com\/ee\/wp-json\/wp\/v2\/categories?post=53782"},{"taxonomy":"post_tag","embeddable":true,"href":"https:\/\/www.europesays.com\/ee\/wp-json\/wp\/v2\/tags?post=53782"}],"curies":[{"name":"wp","href":"https:\/\/api.w.org\/{rel}","templated":true}]}}